{"id":10600,"date":"2019-06-14T09:02:52","date_gmt":"2019-06-14T09:02:52","guid":{"rendered":"https:\/\/senzor.ba\/?p=10600"},"modified":"2024-01-15T21:47:04","modified_gmt":"2024-01-15T20:47:04","slug":"pecka-postaje-prvo-solarno-selo-u-bih","status":"publish","type":"post","link":"https:\/\/tvsensor.com\/clanak\/pecka-postaje-prvo-solarno-selo-u-bih\/","title":{"rendered":"Pecka postaje prvo \u201esolarno selo\u201c u BiH"},"content":{"rendered":"<div class=\"intro intro--bold\">\n<p>Solarna energija, gra\u0111anska energija i selo Pecka poveznica su jedinstvene inicijative pod nazivom \u201eSolarna Pecka\u201c koju su pokrenuli Centar za \u017eivotnu sredinu i Centar za posjetioce Pecka.<\/p>\n<\/div>\n<div id=\"article-content\" class=\"content-floated-wrap fb-quotable\">\n<div class=\"wsw\">\n<p>Ovo malo mjesto nadomak Mrkonji\u0107 Grada obdareno suncem i prirodnim ljepotama smje\u0161teno je izme\u0111u planina gdje izvire rijeka Sana, a kako navode pokreta\u010di inicijative, rije\u010d je o mjestu koje je dom dobrih i vrijednih ljudi i koje promovi\u0161e i podu\u010dava o vrijednostima prirode i ruralne zajednice.<\/p>\n<p>Ekolo\u0161ki prihvatljiva i pristupa\u010dna destinacija omiljeno je okupljali\u0161te pravih zaljubljenika u prirodne ljepote na\u0161ih krajeva, a zbog svih ovih jedinstvenih karakteristika rodila se ideja da upravo Pecka postane prvo \u201esolarno selo\u201c u Bosni i Hercegovini.<\/p>\n<p><iframe loading=\"lazy\" title=\"Solarna Pecka\" width=\"696\" height=\"392\" src=\"https:\/\/www.youtube.com\/embed\/i_Fk8zsvL-4?feature=oembed\" frameborder=\"0\" allow=\"accelerometer; autoplay; clipboard-write; encrypted-media; gyroscope; picture-in-picture\" allowfullscreen><\/iframe><\/p>\n<p>Plan je da se ugrade sistemi solarnih kolektora i panela za proizvodnju topline i elektri\u010dne energije na krovu Centra za posjetioce Pecka i instaliraju solarni kolektori za zagrijavanje 300 litara vode. U zavisnosti od uspje\u0161nosti realizacije projekta uslijedilo bi i instaliranje fotonaponskih panela koji proizvode struju, a krajnji cilj je instaliranje kompletnog sistema (5,4 kWp) na krov Centra za posjetioce.<\/p>\n<div class=\"wsw__embed \">\n<div class=\"img-wrap\"><img decoding=\"async\" class=\"alignnone size-medium\" src=\"https:\/\/gdb.voanews.com\/C5D55435-CA51-4991-9C82-3A73F763BCDA_w650_r0_s.jpg\" \/><\/div>\n<div>\n<p>Ovo bi bio samo po\u010detak ideje da se kroz projekat ruralnog odr\u017eivog turizma, zajedno sa lokalnom zajednicom, po\u0161tuju\u0107i \u017eivotnu sredinu, promovi\u0161e za\u0161tita prirode i biodiverziteta, te doprinese odr\u017eivom razvoju i globalnim izazovima klimatskih promjena.<\/p>\n<p>\u201e<em>Postoji jedan \u010dist izvor energije, odr\u017eiv i dostupan svima, koji ne uti\u010de na klimatske promjene, ne zaga\u0111uje zrak ili vodu, i koji nema negativni uticaj na na\u0161e zdravlje i na\u0161u \u017eivotnu sredinu. To je solarna energija. Postoji odr\u017eiv na\u010din proizvodnje topline i elektri\u010dne energije iz obnovljivih izvora energije, otvoren, participativan, lokalan i pristupa\u010dan svima. To je gra\u0111anska energija<\/em>\u201c, na ovaj na\u010din svoju pri\u010du zapo\u010dinju inicijatori projekta, koji isti\u010du da je upravo model gra\u0111anskog u\u010de\u0161\u0107a i zajedni\u010dkog ulaganja na\u010din da se u Pecku dovede \u010dista i odr\u017eiva solarna energija i na taj na\u010din napravi prvi korak u odr\u017eivom razvoja ruralne zajednice u BiH.<\/p>\n<p>Boro Mari\u0107, direktor Centra za posjetioce Pecka za Glas Amerike isti\u010de da postoji vi\u0161e razloga zbog kojih je pokrenuta ova inicijativa i da je selo Pecka savr\u0161eno za izgradnju infrastrukture i razvoj odgovornog turizma.<\/p>\n<p>\u201eU selu se nalazi izvor rijeke Sane u \u010dijoj blizini je izgra\u0111ena hidrocentrala koja je potpuno promijenila krajolik i odvela skoro cijelu rijeku kroz brdo. Predstavljena je kao mala i ekolo\u0161ka sa \u010dim se ne mo\u017eemo slo\u017eiti. Solarna energija je zaista ekolo\u0161ka i predstavlja alternativu uni\u0161tavanju prirode zbog energije. Sa druge strane u seoskim podru\u010djima \u010desto dolazi do dugorajnih nestanaka elektri\u010dne energije, a u na\u0161em Centru stalno neko boravi i te\u0161ko funkcioni\u0161emo bez elektri\u010dne energije\u201c, obja\u0161njava Mari\u0107.<\/p>\n<p><img decoding=\"async\" class=\"alignnone size-medium\" src=\"https:\/\/gdb.voanews.com\/3FFE81DD-5CD3-4A1B-84A6-E997FD2391E0_w650_r0_s.jpg\" \/><\/p>\n<p>Upravo zbog toga osnovni cilj je prikupiti sredstva za solarnu elektranu koja bi ovaj predivni Centar za posjetioce u\u010dinila odr\u017eivim i nezavisnim, a brojnim ljudima omogu\u0107ila da u ekolo\u0161ki prihvaljivom i pristupa\u010dnom ambijentu provode svoje slobodno vrijeme.<\/p>\n<p>\u201eZa nas je ovo ne\u0161to potpuno novo i \u017eelimo da se edukujemo kroz ovaj proces koji smo zapo\u010deli kako bismo u budu\u0107nosti cijelo selo u\u010dinili solarnim. Centar za posjetioce je otvoren 2015. godine sa \u017eeljom da doprinese ruralnom razvoju i razvoju turizma. Do sada je ura\u0111eno jako mnogo, ali mo\u017eemo i trebamo jo\u0161 puno uraditi da napravimo zna\u010dajniji napredak koji \u0107e doprinijeti boljem \u017eivotu mje\u0161tana, ali i ohrabriti druge ljude iz BiH da poku\u0161aju uraditi ne\u0161to sli\u010dno u svojim zajednicama\u201c, isti\u010de Mari\u0107.<\/p>\n<p>Ono \u0161to zaista ulijeva nadu svakako su mje\u0161tani sela Pecka koji su pravi primjer male sredine koja zajedni\u010dkim radom doprinosi boljim uslovima \u017eivota svih svojih stanovnika.<\/p>\n<p>\u201eMje\u0161tani nas ve\u0107 godinama podr\u017eavaju i vjeruju nam, jer prepoznaju iskrenost i posve\u0107enost njihovom selu koje \u017eelimo da o\u017eivimo na najbolji mogu\u0107i na\u010din. Godinama \u017eivimo s njima i dijelimo i sre\u0107u i tugu. Motivi\u0161emo jedni druge da radimo i sad ve\u0107 sazrijeva ideja i \u017eelja u nekim doma\u0107instvima da se bave turizmom. Odavno promovi\u0161emo suvenire i doma\u0107e proizvode koje na\u0161i gosti kupuju na ku\u0107nom pragu doma\u0107ina\u201c, ka\u017ee Mari\u0107.<\/p>\n<p>U Centru za \u017eivotnu sredinu nagla\u0161avaju da je ovo mo\u017eda mali korak, ali je po mnogo \u010demu zna\u010dajan, jer je rije\u010d o prvoj inicijativi koja ima za cilj da solarnu energiju dovede u ruralna podru\u010dja Bosne i Herecegovine.<\/p>\n<div class=\"wsw__embed \">\n<figure class=\"media-image js-media-expand js-media-expand--ready\">\n<div class=\"img-wrap\">\n<div class=\"thumb\"><img decoding=\"async\" class=\" enhanced\" src=\"https:\/\/gdb.voanews.com\/A45CF48A-6508-4FE3-992D-353601E784C5_w650_r0_s.jpg\" alt=\"Inicijativa Solarna Pecka\" \/><\/div>\n<\/div>\n<\/figure>\n<\/div>\n<p>\u201eOvom inicijativom \u017eelimo da poka\u017eemo \u0161ta je zapravo alternativa prljavoj energiji protiv koje se godinama borimo, a to je energija na ugalj i hidroelektrane koje uni\u0161tavaju na\u0161e rijeke i biodiverzitet. \u0160irom svijeta uveliko traju protesti protiv klimatskih promjena, klimatska kriza odavno je po\u010dela i vrijeme je da se uklju\u010dimo\u201c, ka\u017ee za Glas Amerike Sandra Josovi\u0107, komunikacijska menad\u017eerica Centra za \u017eivotnu sredinu.<\/p>\n<p>Prema njenim rije\u010dima, Pecka je o\u017eivjela zahvaljuju\u0107i energiji i entuzijazmu ljudi iz Centra za posjetioce Pecka sa kojima Centar za \u017eivotnu sredinu sara\u0111uje od samog po\u010detka.<\/p>\n<p>\u201eInicijativom za ugradnju solarnih panela na krov Centra za posjetioce zajedno \u017eelimo da damo primjer koji mogu da slijede i druge zajednice, \u0161to nam je i cilj. Svi koji u\u010destvuju u na\u0161oj kampanji svojim u\u010de\u0161\u0107em ujedno doprinose borbi protiv klimatskih promjena. Ono \u0161to je ohrabruju\u0107e je \u010dinjenica da je na\u0161a kampanja pozitivno prepoznata od javnosti u jako kratkom roku. Tokom pripreme same kampanje, pridru\u017eili su nam se prijatelji i kolege koji su nam pomogli bez ikakve naknade. Tako je, na primjer, promotivni video snimljen, preveden i montiran za samo jedan dan. Ova podr\u0161ka nam daje vjetar u le\u0111a, jer govori da smo na pravom putu i da na tom putu nismo sami \u0161to je zapravo i najva\u017enije. Na\u0161u kampanju podra\u017eli su i brojni novinari, urednici, glumci, muzi\u010dari i ljudi koji svoju podr\u0161ku \u0161alju kratkim video klipovima koje dijelimo na dru\u0161tvenim mre\u017eama\u201c, ka\u017ee Sandra Josovi\u0107, koja dodaje da su va\u017enost ove inicijative prepoznale i pojedine dru\u0161tveno odgovorne kompanije, a nada se da \u0107e im se do 6. jula, do kada traje kampanja, pridru\u017eiti i drugi.<\/p>\n<div class=\"wsw__embed \">\n<figure class=\"media-image js-media-expand js-media-expand--ready\">\n<div class=\"img-wrap\">\n<div class=\"thumb\"><img decoding=\"async\" class=\" enhanced\" src=\"https:\/\/gdb.voanews.com\/452BB6E4-3531-4565-85DD-CF99702C9391_w650_r0_s.jpg\" alt=\"U prirodi u\u017eivaju sve generacije\" \/><\/div>\n<\/div>\n<\/figure>\n<\/div>\n<p>\u200bOdaziv velikog broja ljudi kojima je stalo do zdravih \u017eivotnih uslova i \u017eivota bez zaga\u0111enja zraka ili vode svakako ulijeva nadu da se i gra\u0111ani Bosne i Hercegovine polako priklju\u010duju gra\u0111anima Evrope i svijeta u borbi protiv klimatskih promjena, a ideja da se \u201esunce dovede u Pecku\u201c svakako bi moglo ohrabriti i motivisati i mnoge druge lokalne sredine da zajedni\u010dkim anga\u017emanom dovedu \u201esunce u cijelu Bosnu i Hercegovinu\u201c.<\/p>\n<p>VOA<\/p>\n<\/div>\n<\/div>\n<\/div>\n<\/div>\n","protected":false},"excerpt":{"rendered":"<p>Solarna energija, gra\u0111anska energija i selo Pecka poveznica su jedinstvene inicijative pod nazivom \u201eSolarna Pecka\u201c koju su pokrenuli Centar za \u017eivotnu sredinu i Centar za posjetioce Pecka. Ovo malo mjesto nadomak Mrkonji\u0107 Grada obdareno suncem i prirodnim ljepotama smje\u0161teno je izme\u0111u planina gdje izvire rijeka Sana, a kako navode pokreta\u010di inicijative, rije\u010d je o mjestu [&hellip;]<\/p>\n","protected":false},"author":59,"featured_media":10603,"comment_status":"open","ping_status":"closed","sticky":false,"template":"","format":"standard","meta":{"inline_featured_image":false,"footnotes":""},"categories":[68],"tags":[],"class_list":{"0":"post-10600","1":"post","2":"type-post","3":"status-publish","4":"format-standard","5":"has-post-thumbnail","7":"category-ljepote-bih"},"acf":[],"_links":{"self":[{"href":"https:\/\/tvsensor.com\/api\/wp\/v2\/posts\/10600","targetHints":{"allow":["GET"]}}],"collection":[{"href":"https:\/\/tvsensor.com\/api\/wp\/v2\/posts"}],"about":[{"href":"https:\/\/tvsensor.com\/api\/wp\/v2\/types\/post"}],"author":[{"embeddable":true,"href":"https:\/\/tvsensor.com\/api\/wp\/v2\/users\/59"}],"replies":[{"embeddable":true,"href":"https:\/\/tvsensor.com\/api\/wp\/v2\/comments?post=10600"}],"version-history":[{"count":1,"href":"https:\/\/tvsensor.com\/api\/wp\/v2\/posts\/10600\/revisions"}],"predecessor-version":[{"id":10606,"href":"https:\/\/tvsensor.com\/api\/wp\/v2\/posts\/10600\/revisions\/10606"}],"wp:featuredmedia":[{"embeddable":true,"href":"https:\/\/tvsensor.com\/api\/wp\/v2\/media\/10603"}],"wp:attachment":[{"href":"https:\/\/tvsensor.com\/api\/wp\/v2\/media?parent=10600"}],"wp:term":[{"taxonomy":"category","embeddable":true,"href":"https:\/\/tvsensor.com\/api\/wp\/v2\/categories?post=10600"},{"taxonomy":"post_tag","embeddable":true,"href":"https:\/\/tvsensor.com\/api\/wp\/v2\/tags?post=10600"}],"curies":[{"name":"wp","href":"https:\/\/api.w.org\/{rel}","templated":true}]}}