{"id":10582,"date":"2019-06-13T10:18:41","date_gmt":"2019-06-13T10:18:41","guid":{"rendered":"https:\/\/senzor.ba\/?p=10582"},"modified":"2024-01-15T21:47:04","modified_gmt":"2024-01-15T20:47:04","slug":"poslanik-emric-bih-treba-zatvoriti-granice-ne-mozemo-se-nositi-sa-krizom","status":"publish","type":"post","link":"https:\/\/tvsensor.com\/clanak\/poslanik-emric-bih-treba-zatvoriti-granice-ne-mozemo-se-nositi-sa-krizom\/","title":{"rendered":"Poslanik Emri\u0107: BiH treba zatvoriti granice, ne mo\u017eemo se nositi sa krizom"},"content":{"rendered":"<p class=\"story-lead\">Hitna sjednica Predstavni\u010dkog doma Parlamenta Bosne i Hercegovine zakazana je za petak, 14. juna i to na zahtjev poslanika iz osam politi\u010dkih stranaka. Jedan od njih je i Jasmin Emri\u0107, poslanik A-SDA. Glavne teme bit \u0107e migrantska kriza i stanje u pravosu\u0111u. Emri\u0107 je bio gost Novog dana.<\/p>\n<p><strong>\u0160ta o\u010dekujete od sjednice zakazane za petak?<\/strong><\/p>\n<p>Prije svega o\u010dekujem da \u0107e ovaj drugi poku\u0161aj sazivanja sjednice uspjeti, da \u0107emo imati kvorum za rad i odlu\u010divanje. Radi se o dvije va\u017ene teme. Zbog neodgovornosti jednog broja zastupnika nije bilo sjednica Predstavni\u010dkog doma i nadam se da \u0107e nakon \u0161est mjeseci Parlament proraditi.<\/p>\n<p><strong>Da li \u0107e biti sporan dnevni red sjednice, mo\u017eda neki poslanici ne \u017eele razmatrati pitanje migranstke krize?<\/strong><\/p>\n<p>Ne mogu razumjeti da je nekom sporan ovaj dnevni red, da bude sporno raspravljati nakon godinu i po dana migrantske krize i da se kona\u010dno po\u010dne upravljati ovom krizom. \u017divot u ovoj zemlji ne mo\u017ee stati zato \u0161to se politi\u010dke stranke ne mogu dogovoriti o imenovanju Vije\u0107a ministara Bosne i Hercegovine. Kriza ne staje zbog neformiranja Vije\u0107a ministara. Stoga o\u010dekujem da \u0107emo imati priliku kazati \u0161ta mislimo. Svi imaju priliku da sutra ka\u017eu stav kako rije\u0161ti krizu ne samo u Unsko-sanskom kantonu, nego i u dr\u017eavi. O\u010dekujem da \u0107e zastupnici biti odgovorni.<\/p>\n<p><strong>Za\u0161to se tek sad saziva sjednica ako kriza traje tako dugo?<\/strong><\/p>\n<p>Poku\u0161avali smo i ranije, ali nije bilo kvoruma. Poku\u0161avamo ponovo. Ovo je situacija koja se vi\u0161e ne mo\u017ee tolerisati i nadam se da \u0107e uspjeti ovaj drugi poku\u0161aj. Javnost u BiH svakodnevno diskutira na ove teme, a Predstavni\u010dki dom jo\u0161 nije prozborio. Moramo upozoriti nadle\u017ene institucije u Bosni i Hercegovini da moraju raditi svoj dio posla. Imamo strategije, planove i Koorodinacioni odbor za pitanja migracija i propisane se nadle\u017enosti i to je ono \u0161to oni trebaju raditi. Da agencije rade svoj dio posla mi ne bi u USK imali ovakav pritisak i priliv migranata. Za\u0161to smo do\u0161li u ovu situaciju? To je pitanje koje sutra trebamo otvoriti.<\/p>\n<p><strong>Gradske vlasti Biha\u0107a predla\u017eu lokaciju Vu\u010djak za izgradnju prihvatnog centra za migrante, ali me\u0111unarodne institucije to ne podr\u017eavaju?<\/strong><\/p>\n<p>Grad Biha\u0107 ne funkcioni\u0161e od dolaska migranata i ovdje se \u017eivot promijenio. Migranti nisu ovdje do\u0161li zato \u0161to je ovdje granica sa Albanijom, nego zato \u0161to je granica sa Evropskom unijom. I zbog toga migrante treba rasporediti uz granicu. Ovdje se radi o privremenom prihvatnom centru i te\u017enji da se migranti smjeste u bolje uslove. Neka Delegacija EU odredi bolju lokaciju &#8211; negdje drugo, a ne u Unsko-sanskom kantonu.<\/p>\n<p><strong>Da li podr\u017eavate ideju zatvaranje granice?<\/strong><\/p>\n<p>Bosna i Hercegovina je odavno trebala zatvoriti granice jer se mi ne mo\u017eemo nositi sa ovom krizom. Znamo da, na\u017ealost, to politka ne dozvoljava i zbog toga smo u ovom problemu o kojem pri\u010damo.<\/p>\n<p><iframe loading=\"lazy\" title=\"Poslanik Emri\u0107: BiH treba zatvoriti granice sa Srbijom\" width=\"696\" height=\"392\" src=\"https:\/\/www.youtube.com\/embed\/y52r_k4aCcU?feature=oembed\" frameborder=\"0\" allow=\"accelerometer; autoplay; clipboard-write; encrypted-media; gyroscope; picture-in-picture\" allowfullscreen><\/iframe><\/p>\n<p>N1<\/p>\n","protected":false},"excerpt":{"rendered":"<p>Hitna sjednica Predstavni\u010dkog doma Parlamenta Bosne i Hercegovine zakazana je za petak, 14. juna i to na zahtjev poslanika iz osam politi\u010dkih stranaka. Jedan od njih je i Jasmin Emri\u0107, poslanik A-SDA. Glavne teme bit \u0107e migrantska kriza i stanje u pravosu\u0111u. Emri\u0107 je bio gost Novog dana. \u0160ta o\u010dekujete od sjednice zakazane za petak? [&hellip;]<\/p>\n","protected":false},"author":59,"featured_media":10584,"comment_status":"open","ping_status":"closed","sticky":false,"template":"","format":"standard","meta":{"inline_featured_image":false,"footnotes":""},"categories":[234],"tags":[],"class_list":{"0":"post-10582","1":"post","2":"type-post","3":"status-publish","4":"format-standard","5":"has-post-thumbnail","7":"category-politika"},"acf":[],"_links":{"self":[{"href":"https:\/\/tvsensor.com\/api\/wp\/v2\/posts\/10582","targetHints":{"allow":["GET"]}}],"collection":[{"href":"https:\/\/tvsensor.com\/api\/wp\/v2\/posts"}],"about":[{"href":"https:\/\/tvsensor.com\/api\/wp\/v2\/types\/post"}],"author":[{"embeddable":true,"href":"https:\/\/tvsensor.com\/api\/wp\/v2\/users\/59"}],"replies":[{"embeddable":true,"href":"https:\/\/tvsensor.com\/api\/wp\/v2\/comments?post=10582"}],"version-history":[{"count":1,"href":"https:\/\/tvsensor.com\/api\/wp\/v2\/posts\/10582\/revisions"}],"predecessor-version":[{"id":10585,"href":"https:\/\/tvsensor.com\/api\/wp\/v2\/posts\/10582\/revisions\/10585"}],"wp:featuredmedia":[{"embeddable":true,"href":"https:\/\/tvsensor.com\/api\/wp\/v2\/media\/10584"}],"wp:attachment":[{"href":"https:\/\/tvsensor.com\/api\/wp\/v2\/media?parent=10582"}],"wp:term":[{"taxonomy":"category","embeddable":true,"href":"https:\/\/tvsensor.com\/api\/wp\/v2\/categories?post=10582"},{"taxonomy":"post_tag","embeddable":true,"href":"https:\/\/tvsensor.com\/api\/wp\/v2\/tags?post=10582"}],"curies":[{"name":"wp","href":"https:\/\/api.w.org\/{rel}","templated":true}]}}