{"id":10576,"date":"2019-06-12T16:51:20","date_gmt":"2019-06-12T16:51:20","guid":{"rendered":"https:\/\/senzor.ba\/?p=10576"},"modified":"2024-01-15T21:47:05","modified_gmt":"2024-01-15T20:47:05","slug":"za-sedam-godina-gradanima-bih-bit-ce-blize-more","status":"publish","type":"post","link":"https:\/\/tvsensor.com\/clanak\/za-sedam-godina-gradanima-bih-bit-ce-blize-more\/","title":{"rendered":"Za sedam godina gra\u0111anima BiH bit \u0107e bli\u017ee more"},"content":{"rendered":"<p>Gra\u0111ani BiH za sedam bi godina mogli znatno skratiti put do mora, jer se o\u010dekuje da bi u tom razdoblju mogao biti zavr\u0161en autoput od Ov\u010dara, preko Konjica, do Mostara. Istovremeno, sredinom idu\u0107e godine u promet bi trebali biti pu\u0161teni novi kilometri autoputa na Koridoru VC, i to na Zeni\u010dkoj zaobilaznici, objavio je Dnevni avaz.<\/p>\n<p>Naime, direktor Autocesta FBiH Adnan Terzi\u0107 potvrdio je sarajevskim novinama kako su po\u010deli razgovori s Europskom bankom za obnovu i razvoj (EBRD) i Europskom investicijskom bankom (EIB) o osiguranju 600 milijuna eura kredita za gradnju autoputa na Koridoru VC, to\u010dnije dionice Ov\u010dari &#8211; Mostar sjever, \u0161to uklju\u010duje i zahtjevni tunel Prenj du\u017eine 12 kilometara.<\/p>\n<p><strong>&#8221;Za dionicu Mostar sjever \u2014 Mostar jug imamo ponudu komercijalnih banaka sa sjedi\u0161tem u BiH i EBRD-a da kreditiraju s 240 milijuna eura. Dakle, na\u0161li smo financije, zna\u010di to je zaokru\u017eena financijska konstrukcija za 51 kilometar&#8221;,\u00a0<\/strong>dodao je Terzi\u0107. Rekao je kako se prvi strojevi na ovom budu\u0107em gradili\u0161tu o\u010dekuju najranije sredinom idu\u0107e godine, a kompletna dionica od Ov\u010dara do Mostara bit \u0107e sagra\u0111ena u roku od \u0161est godina.\u00a0<strong>&#8221;Rok za tunel Prenj je \u0161est godina, ali u tom razdoblju mo\u017ee se zavr\u0161iti kompletna dionica&#8221;<\/strong>, pojasnio je Terzi\u0107.<\/p>\n<p>O ovome se u ponedjeljak razgovaralo i na sjednici Vlade koja je dala suglasnost razgovore s me\u0111unarodnim kreditorima. Kada je rije\u010d o ovogodi\u0161njem planu Autocesta, koji je, tako\u0111er, odobrila Vlada, Terzi\u0107 je istaknuo kako se od kolovoza otvaraju tri nova gradili\u0161ta.<\/p>\n<p><strong>&#8221;Po\u010dinje gradnja 11 kilometara oko Po\u010ditelja ka jugu, odnosno most Po\u010ditelj i dionica prema Zvirovi\u0107ima, zatim tunel Ivan i tunel Zenica. Time \u0107emo u gradnji imati jo\u0161 41 kilometar autoputa. Prve dionice bit \u0107e pu\u0161tene u promet sredinom idu\u0107e godine, to\u010dnije Zeni\u010dka zaobilaznica&#8217;<\/strong>&#8216;, rekao je Terzi\u0107.<\/p>\n","protected":false},"excerpt":{"rendered":"<p>Gra\u0111ani BiH za sedam bi godina mogli znatno skratiti put do mora, jer se o\u010dekuje da bi u tom razdoblju mogao biti zavr\u0161en autoput od Ov\u010dara, preko Konjica, do Mostara. Istovremeno, sredinom idu\u0107e godine u promet bi trebali biti pu\u0161teni novi kilometri autoputa na Koridoru VC, i to na Zeni\u010dkoj zaobilaznici, objavio je Dnevni avaz. [&hellip;]<\/p>\n","protected":false},"author":59,"featured_media":10577,"comment_status":"open","ping_status":"closed","sticky":false,"template":"","format":"standard","meta":{"inline_featured_image":false,"footnotes":""},"categories":[43,42],"tags":[],"class_list":{"0":"post-10576","1":"post","2":"type-post","3":"status-publish","4":"format-standard","5":"has-post-thumbnail","7":"category-bih","8":"category-ekonomija"},"acf":[],"_links":{"self":[{"href":"https:\/\/tvsensor.com\/api\/wp\/v2\/posts\/10576","targetHints":{"allow":["GET"]}}],"collection":[{"href":"https:\/\/tvsensor.com\/api\/wp\/v2\/posts"}],"about":[{"href":"https:\/\/tvsensor.com\/api\/wp\/v2\/types\/post"}],"author":[{"embeddable":true,"href":"https:\/\/tvsensor.com\/api\/wp\/v2\/users\/59"}],"replies":[{"embeddable":true,"href":"https:\/\/tvsensor.com\/api\/wp\/v2\/comments?post=10576"}],"version-history":[{"count":1,"href":"https:\/\/tvsensor.com\/api\/wp\/v2\/posts\/10576\/revisions"}],"predecessor-version":[{"id":10578,"href":"https:\/\/tvsensor.com\/api\/wp\/v2\/posts\/10576\/revisions\/10578"}],"wp:featuredmedia":[{"embeddable":true,"href":"https:\/\/tvsensor.com\/api\/wp\/v2\/media\/10577"}],"wp:attachment":[{"href":"https:\/\/tvsensor.com\/api\/wp\/v2\/media?parent=10576"}],"wp:term":[{"taxonomy":"category","embeddable":true,"href":"https:\/\/tvsensor.com\/api\/wp\/v2\/categories?post=10576"},{"taxonomy":"post_tag","embeddable":true,"href":"https:\/\/tvsensor.com\/api\/wp\/v2\/tags?post=10576"}],"curies":[{"name":"wp","href":"https:\/\/api.w.org\/{rel}","templated":true}]}}