{"id":10570,"date":"2019-06-12T13:11:04","date_gmt":"2019-06-12T13:11:04","guid":{"rendered":"https:\/\/senzor.ba\/?p=10570"},"modified":"2024-01-15T21:47:05","modified_gmt":"2024-01-15T20:47:05","slug":"komsic-o-priglupom-dodikovom-potezu-o-migrantima-iz-srbije-pricati-s-vucicem-a-ne-ponizavati-se-pred-vulinom","status":"publish","type":"post","link":"https:\/\/tvsensor.com\/clanak\/komsic-o-priglupom-dodikovom-potezu-o-migrantima-iz-srbije-pricati-s-vucicem-a-ne-ponizavati-se-pred-vulinom\/","title":{"rendered":"KOM\u0160I\u0106 O PRIGLUPOM DODIKOVOM POTEZU: &#8220;O migrantima iz Srbije pri\u010dati s Vu\u010di\u0107em, a ne poni\u017eavati se pred Vulinom&#8221;"},"content":{"rendered":"<p>\u010clan Predsjedni\u0161tva Bosne i Hercegovine \u017deljko Kom\u0161i\u0107 ocijenio je poni\u017eavaju\u0107im dana\u0161nji raport predsjedavaju\u0107eg Predsjedni\u0161tva BiH Milorada Dodika srbijanskom ministru odbrane Aleksandru Vulinu.<\/p>\n<p>&#8220;Nevjerovatno je da predsjedavaju\u0107i Predsjedni\u0161tva BiH raprotrira obi\u010dnom ministru odbrane druge dr\u017eave koji ga je danas verbalno potap\u0161ao i pohvalio za blokiranje i odbijanje rje\u0161enja migrantske krize u Bosni i Hercegovini.<\/p>\n<p>Kao \u010dlan Predsjedni\u0161tva ogra\u0111ujem se od ovog servilnog i nedostojnog \u010dina. Dok je bio predsjednik manjeg bh.entiteta donekle se mogla shvatiti ovakva praksa da bespogovorno slu\u0161a predstavnike srbijanske vlasti, ali je vrijeme da nau\u010di da je sada dio kolektivnog \u0161efa dr\u017eave.<\/p>\n<p>O\u010dito je da \u0107emo o sprje\u010davanju ilegalnih prelazaka migranata iz Srbije morati detaljnije razgovarati sa predsjednikom Srbije Aleksandrom Vu\u010di\u0107em&#8221;, kazao je Kom\u0161i\u0107, prenose Vijesti.ba.<\/p>\n<p>&#8220;Umjesto da sprje\u010dava ilegalni prelaz migranata u Bosnu i Hercegovinu srbijanski ministar odbrane daje sebi za pravo da komentira odluke Predsjedni\u0161tva Bosne i Hercegovine o upotrebi Oru\u017eanih snaga Bosne i Hercegovine.<\/p>\n<p>Da Vu\u010di\u0107ev ministar i doista radi svoj posao i sprje\u010dava ilegalni prelazak migranata iz Srbije u BiH uop\u0107e ne bi bilo potrebe da se razmatra anga\u017eman Oru\u017eanih snaga BiH na granici sa Srbijom, niti bi ikada kolegi Dodiku palo na pamet da prvi predla\u017ei ne\u0161to poput toga&#8221;, smatra \u010dlan Predsjedni\u0161tva BiH \u017deljko Kom\u0161i\u0107.<\/p>\n","protected":false},"excerpt":{"rendered":"<p>\u010clan Predsjedni\u0161tva Bosne i Hercegovine \u017deljko Kom\u0161i\u0107 ocijenio je poni\u017eavaju\u0107im dana\u0161nji raport predsjedavaju\u0107eg Predsjedni\u0161tva BiH Milorada Dodika srbijanskom ministru odbrane Aleksandru Vulinu. &#8220;Nevjerovatno je da predsjedavaju\u0107i Predsjedni\u0161tva BiH raprotrira obi\u010dnom ministru odbrane druge dr\u017eave koji ga je danas verbalno potap\u0161ao i pohvalio za blokiranje i odbijanje rje\u0161enja migrantske krize u Bosni i Hercegovini. Kao \u010dlan [&hellip;]<\/p>\n","protected":false},"author":59,"featured_media":10572,"comment_status":"open","ping_status":"closed","sticky":false,"template":"","format":"standard","meta":{"inline_featured_image":false,"footnotes":""},"categories":[40],"tags":[],"class_list":{"0":"post-10570","1":"post","2":"type-post","3":"status-publish","4":"format-standard","5":"has-post-thumbnail","7":"category-region"},"acf":[],"_links":{"self":[{"href":"https:\/\/tvsensor.com\/api\/wp\/v2\/posts\/10570","targetHints":{"allow":["GET"]}}],"collection":[{"href":"https:\/\/tvsensor.com\/api\/wp\/v2\/posts"}],"about":[{"href":"https:\/\/tvsensor.com\/api\/wp\/v2\/types\/post"}],"author":[{"embeddable":true,"href":"https:\/\/tvsensor.com\/api\/wp\/v2\/users\/59"}],"replies":[{"embeddable":true,"href":"https:\/\/tvsensor.com\/api\/wp\/v2\/comments?post=10570"}],"version-history":[{"count":1,"href":"https:\/\/tvsensor.com\/api\/wp\/v2\/posts\/10570\/revisions"}],"predecessor-version":[{"id":10575,"href":"https:\/\/tvsensor.com\/api\/wp\/v2\/posts\/10570\/revisions\/10575"}],"wp:featuredmedia":[{"embeddable":true,"href":"https:\/\/tvsensor.com\/api\/wp\/v2\/media\/10572"}],"wp:attachment":[{"href":"https:\/\/tvsensor.com\/api\/wp\/v2\/media?parent=10570"}],"wp:term":[{"taxonomy":"category","embeddable":true,"href":"https:\/\/tvsensor.com\/api\/wp\/v2\/categories?post=10570"},{"taxonomy":"post_tag","embeddable":true,"href":"https:\/\/tvsensor.com\/api\/wp\/v2\/tags?post=10570"}],"curies":[{"name":"wp","href":"https:\/\/api.w.org\/{rel}","templated":true}]}}