{"id":10220,"date":"2019-06-03T13:59:44","date_gmt":"2019-06-03T13:59:44","guid":{"rendered":"https:\/\/senzor.ba\/?p=10220"},"modified":"2024-01-15T21:47:18","modified_gmt":"2024-01-15T20:47:18","slug":"un-alarmantan-nivo-zagadenja-zraka-na-balkanu","status":"publish","type":"post","link":"https:\/\/tvsensor.com\/clanak\/un-alarmantan-nivo-zagadenja-zraka-na-balkanu\/","title":{"rendered":"UN: Alarmantan nivo zaga\u0111enja zraka na Balkanu"},"content":{"rendered":"<p>Stanovni\u0161tvo u svim ve\u0107im gradovima \u0161irom zapadnog Balkana suo\u010deno je s\u00a0alarmantnim nivoom zaga\u0111enosti zraka, koje smanjuje njihov \u017eivotni vijek, a to je velikim dijelom zbog toga \u0161to je to podru\u010dje i dalje jako zavisno od uglja za proizvodnju struje, saop\u0107ili\u00a0su danas Ujedinjeni narodi\u00a0u novom izvje\u0161taju, prenosi agencija Beta.<\/p>\n<p>Izvje\u0161taj UN-ovog programa za \u017eivotnu sredinu (UNEP) pripremljen je u saradnji sa Svjetskom zdravstvenom organizacijom i institucijama za upravljanje kvalitetom zraka u Albaniji, Bosni i Hercegovini, na Kosovu, u Crnoj Gori, Sjevernoj Makedoniji i Srbiji.<\/p>\n<p>Izvje\u0161taj je zasnovan na podacima skupljenim za minimum 274 dana godi\u0161nje.<\/p>\n<p>&#8220;Stanovni\u0161tvo u tom podru\u010dju izlo\u017eeno je nekim od najvi\u0161ih koncentracija zaga\u0111enja zraka u Evropi, do pet puta vi\u0161eg od normi odre\u0111enih na nacionalnom nivou i u EU-u&#8221; navodi se u izvje\u0161taju.<\/p>\n<p>Jo\u0161 se ka\u017ee da je nedostatak pristupa savremenim izvorima obnovljive energije u regiji\u00a0glavni uzrok zaga\u0111enja zraka.<\/p>\n<p>Petnaest aktivnih elektrana na ugalj, od kojih su neke zastarjele, u pet zapadnobalkanskih zemalja\u00a0ispu\u0161ta\u00a0znatne koli\u010dine sumpor-dioksida, du\u0161ik-oksida, pra\u0161ine ili sitnih \u010destica u zrak, pi\u0161e u izvje\u0161taju.<\/p>\n<p>Tako\u0111er, \u010dak u 88 posto od 7,3 miliona zgrada u toj\u00a0regiji\u00a0koriste se decentralizirani\u00a0sistemi grijanja, koji neefikasno koriste energiju.<\/p>\n<h4>Skra\u0107enje \u017eivotnog vijeka<\/h4>\n<p>Izvje\u0161taj navodi da je u 18 analiziranih gradova zaga\u0111enje zraka uzrok znatnog broja prijevremenih smrti.<\/p>\n<p>&#8220;Zaga\u0111enje zraka u gradovima zapadnog Balkana izaziva izme\u0111u 15 i 19 posto ukupnog broja smrtnih slu\u010dajeva i skra\u0107uje \u017eivotni vijek za izme\u0111u 1,1\u00a0i 1,3 godine&#8221;, navodi se u izvje\u0161taju.<\/p>\n<p>U posmatranim balkanskim gradovima dnevna ograni\u010denja izlo\u017eenosti \u010desticama \u010da\u0111i ili druge materije ili PM10 prekora\u010dena su izme\u0111u 120 i 180 dana godi\u0161nje.<\/p>\n<p>To je mnogo vi\u0161e od dozvoljenog prema nacionalnim i normama EU-a, koji broj takvih dana ograni\u010davaju na 35.<\/p>\n","protected":false},"excerpt":{"rendered":"<p>Stanovni\u0161tvo u svim ve\u0107im gradovima \u0161irom zapadnog Balkana suo\u010deno je s\u00a0alarmantnim nivoom zaga\u0111enosti zraka, koje smanjuje njihov \u017eivotni vijek, a to je velikim dijelom zbog toga \u0161to je to podru\u010dje i dalje jako zavisno od uglja za proizvodnju struje, saop\u0107ili\u00a0su danas Ujedinjeni narodi\u00a0u novom izvje\u0161taju, prenosi agencija Beta. Izvje\u0161taj UN-ovog programa za \u017eivotnu sredinu (UNEP) [&hellip;]<\/p>\n","protected":false},"author":59,"featured_media":10224,"comment_status":"open","ping_status":"closed","sticky":false,"template":"","format":"standard","meta":{"inline_featured_image":false,"footnotes":""},"categories":[40],"tags":[],"class_list":{"0":"post-10220","1":"post","2":"type-post","3":"status-publish","4":"format-standard","5":"has-post-thumbnail","7":"category-region"},"acf":[],"_links":{"self":[{"href":"https:\/\/tvsensor.com\/api\/wp\/v2\/posts\/10220","targetHints":{"allow":["GET"]}}],"collection":[{"href":"https:\/\/tvsensor.com\/api\/wp\/v2\/posts"}],"about":[{"href":"https:\/\/tvsensor.com\/api\/wp\/v2\/types\/post"}],"author":[{"embeddable":true,"href":"https:\/\/tvsensor.com\/api\/wp\/v2\/users\/59"}],"replies":[{"embeddable":true,"href":"https:\/\/tvsensor.com\/api\/wp\/v2\/comments?post=10220"}],"version-history":[{"count":1,"href":"https:\/\/tvsensor.com\/api\/wp\/v2\/posts\/10220\/revisions"}],"predecessor-version":[{"id":10226,"href":"https:\/\/tvsensor.com\/api\/wp\/v2\/posts\/10220\/revisions\/10226"}],"wp:featuredmedia":[{"embeddable":true,"href":"https:\/\/tvsensor.com\/api\/wp\/v2\/media\/10224"}],"wp:attachment":[{"href":"https:\/\/tvsensor.com\/api\/wp\/v2\/media?parent=10220"}],"wp:term":[{"taxonomy":"category","embeddable":true,"href":"https:\/\/tvsensor.com\/api\/wp\/v2\/categories?post=10220"},{"taxonomy":"post_tag","embeddable":true,"href":"https:\/\/tvsensor.com\/api\/wp\/v2\/tags?post=10220"}],"curies":[{"name":"wp","href":"https:\/\/api.w.org\/{rel}","templated":true}]}}