{"id":10219,"date":"2019-06-03T13:56:28","date_gmt":"2019-06-03T13:56:28","guid":{"rendered":"https:\/\/senzor.ba\/?p=10219"},"modified":"2024-01-15T21:47:18","modified_gmt":"2024-01-15T20:47:18","slug":"od-firme-u-stecaju-nastala-uspjesna-poslovna-zona","status":"publish","type":"post","link":"https:\/\/tvsensor.com\/clanak\/od-firme-u-stecaju-nastala-uspjesna-poslovna-zona\/","title":{"rendered":"Od firme u ste\u010daju nastala uspje\u0161na poslovna zona"},"content":{"rendered":"<h4>Kompleks nekada\u0161njeg preduze\u0107a \u201cKombiteks\u201d u Biha\u0107u, koje je u poslijeratnom periodu do\u017eivjelo privredni krah i naposlijetku oti\u0161lo u ste\u010daj, za nepune dvije godine pretvoren je u novu poduzetni\u010dku zonu u kojoj ve\u0107 egzistira dvadesetak privrednih subjekata sa oko stotinu zaposlenih.<\/h4>\n<p>Prema rije\u010dima\u00a0<strong>Nijaza Lipova\u010de<\/strong>, pomo\u0107nika gradona\u010delnika Biha\u0107a za lokalni razvoj, kroz saradnju s USAID-om nedavno je realiziran projekat izgradnje primarnog vodovodnog sistema koji \u0107e opskrbljivati postoje\u0107e firme.<\/p>\n<p>\u201cAplicira\u0107emo i za sekundarnu vodovodnu mre\u017eu i poku\u0161a\u0107emo obezbijediti sredstva me\u0111unarodnih donatora, a vodimo ozbiljne razgovore o izgradnji saobra\u0107ajnice kojom bismo \u010ditav ovaj prostor povezali s magistralnim putevima\u201d, kazao je Lipova\u010da, pi\u0161u\u00a0<a href=\"https:\/\/www.nezavisne.com\/ekonomija\/privreda\/Od-firme-u-stecaju-nastala-uspjesna-poslovna-zona\/541569\" target=\"_blank\" rel=\"noopener\">Nezavisne novine<\/a>.<\/p>\n<p>On je dodao kako bi\u00a0 okon\u010danjem ovih projekata u potpunosti bio zaokru\u017een proces izgradnje neophodne infrastrukture na tom prostoru, \u010dime bi se stvorili optimani uslovi za poslovanje.<\/p>\n<p>Ste\u010dajni upravnik u \u201cKombiteksu\u201d \u0160efik Smlati\u0107 ka\u017ee kako je do sada prodato preko 70 posto imovine ovog preduze\u0107a koje se prostire na ukupno 150 dunuma zemlji\u0161ta.<\/p>\n<p>\u201cNa ovom prostoru privredni subjekti su kupili zemlji\u0161te i objekte, te izgradili vlastite proizvodne pogone i poslovne objekte. Kupci parcela i poslovnih objekata su mahom lokalni privredni subjekti koji su okrenuti pro\u0161irenju obima svog poslovanja i otvaranju novih radnih mjesta\u201d, istakao je Smlati\u0107.<\/p>\n<p>Dodao je kako se radi o firmama koje se bave metalskom industrijom, trgovinom, ugostiteljstvom, gra\u0111evinarstvom, transportom, izgradnjom sistema za grijanje, telekomunikacijama te autoservisiranjem.<\/p>\n<p>Ministar privrede u Vladi USK Nijaz Kadiri\u0107 naglasio je kako je ovo pozitivan primjer kako se od propalog i preduze\u0107a u ste\u010daju mo\u017ee napraviti uspje\u0161na poslovna pri\u010da.<\/p>\n","protected":false},"excerpt":{"rendered":"<p>Kompleks nekada\u0161njeg preduze\u0107a \u201cKombiteks\u201d u Biha\u0107u, koje je u poslijeratnom periodu do\u017eivjelo privredni krah i naposlijetku oti\u0161lo u ste\u010daj, za nepune dvije godine pretvoren je u novu poduzetni\u010dku zonu u kojoj ve\u0107 egzistira dvadesetak privrednih subjekata sa oko stotinu zaposlenih. Prema rije\u010dima\u00a0Nijaza Lipova\u010de, pomo\u0107nika gradona\u010delnika Biha\u0107a za lokalni razvoj, kroz saradnju s USAID-om nedavno je [&hellip;]<\/p>\n","protected":false},"author":59,"featured_media":10221,"comment_status":"open","ping_status":"closed","sticky":false,"template":"","format":"standard","meta":{"inline_featured_image":false,"footnotes":""},"categories":[43,42],"tags":[],"class_list":{"0":"post-10219","1":"post","2":"type-post","3":"status-publish","4":"format-standard","5":"has-post-thumbnail","7":"category-bih","8":"category-ekonomija"},"acf":[],"_links":{"self":[{"href":"https:\/\/tvsensor.com\/api\/wp\/v2\/posts\/10219","targetHints":{"allow":["GET"]}}],"collection":[{"href":"https:\/\/tvsensor.com\/api\/wp\/v2\/posts"}],"about":[{"href":"https:\/\/tvsensor.com\/api\/wp\/v2\/types\/post"}],"author":[{"embeddable":true,"href":"https:\/\/tvsensor.com\/api\/wp\/v2\/users\/59"}],"replies":[{"embeddable":true,"href":"https:\/\/tvsensor.com\/api\/wp\/v2\/comments?post=10219"}],"version-history":[{"count":2,"href":"https:\/\/tvsensor.com\/api\/wp\/v2\/posts\/10219\/revisions"}],"predecessor-version":[{"id":35619,"href":"https:\/\/tvsensor.com\/api\/wp\/v2\/posts\/10219\/revisions\/35619"}],"wp:featuredmedia":[{"embeddable":true,"href":"https:\/\/tvsensor.com\/api\/wp\/v2\/media\/10221"}],"wp:attachment":[{"href":"https:\/\/tvsensor.com\/api\/wp\/v2\/media?parent=10219"}],"wp:term":[{"taxonomy":"category","embeddable":true,"href":"https:\/\/tvsensor.com\/api\/wp\/v2\/categories?post=10219"},{"taxonomy":"post_tag","embeddable":true,"href":"https:\/\/tvsensor.com\/api\/wp\/v2\/tags?post=10219"}],"curies":[{"name":"wp","href":"https:\/\/api.w.org\/{rel}","templated":true}]}}