{"id":10212,"date":"2019-06-03T13:53:56","date_gmt":"2019-06-03T13:53:56","guid":{"rendered":"https:\/\/senzor.ba\/?p=10212"},"modified":"2024-01-15T21:47:18","modified_gmt":"2024-01-15T20:47:18","slug":"holandija-trazi-suspenziju-viza-albancima","status":"publish","type":"post","link":"https:\/\/tvsensor.com\/clanak\/holandija-trazi-suspenziju-viza-albancima\/","title":{"rendered":"Holandija tra\u017ei suspenziju viza Albancima"},"content":{"rendered":"<div class=\"intro intro--bold\">\n<p>Holandija je poslala zvani\u010dno obavje\u0161tenje Evropskoj komisiji da \u017eeli da pokrene mehanizam suspenzije viza za Albaniju, potvr\u0111eno je u ovoj instituciji, prenosi Radio Slobodna Evropa.<\/p>\n<\/div>\n<div id=\"article-content\" class=\"content-floated-wrap fb-quotable\">\n<div class=\"wsw\">\n<p>Natasha Bertaud, portparolka Evropske komisije je naglasila da \u0107e Komisija \u201cpa\u017eljivo razmotriti sadr\u017eaj obavje\u0161tenja, na osnovu relevantnih informacija\u201d.<\/p>\n<p>\u201cEvropska komisija \u0107e sada obavijestiti Savjet ministara i Evropski parlament I obavijest \u0107e biti objekat ozbiljne procjene i analize\u201d, naglasila je Bertaud.<\/p>\n<p>Obavje\u0161tenje je, prema na\u0161im izvorima stiglo 31 maja, a Evropska komisija ima mjesec dana da razmotri ovaj zahtjev.<\/p>\n<p><strong>Pokretanje ovog mehanz<\/strong><strong>ima<\/strong>\u00a0od strane holandske vlade je rezultat inicijative holandskih poslanika koji su zahtjev obrazlo\u017eili \u201czna\u010dajnim povec\u0301anjem kriminalnih aktivnosti od strane albanske mafije u Holandiji i da ove kriminalne organizacije zloupotrebljavaju moguc\u0301nost putovanja kroz Evropu bez viza i tako dalje pro\u0161iruju svoju mre\u017eu krijum\u010darenja\u201d.<\/p>\n<p>Ovo je prvi zahtjev za pokretanje mehanizma, od kada je uvedena ova mjera 2013. Tako\u0111e se radi o prvom slu\u010daju da jedna od zemalja Zapadnog Balkana koje su na takozvanoj \u201cBijeloj \u0160engen listi\u201d bude u opasnosti da joj se vrati re\u017eim viza. Albanski dr\u017eavljani u\u017eivaju bezvizni re\u017eim od decembra 2010. godine.<\/p>\n<p>Dr\u017eave \u010dlanice mogu pokrenuti mehanizam slanjem obavje\u0161tenja Komisiji u slu\u010daju da se suo\u010de, u periodu od dva mjeseca (u pore\u0111enju sa istim periodom prethodne godine ili posljednja dva mjeseca prije primjene mehanizma), sa jednom ili vi\u0161e slledec\u0301ih okolnosti: zna\u010dajno povec\u0301anje (vi\u0161e od 50%) nezakonitih migracija, prekomjernih stanara i osoba kojima je ulazak uskrac\u0301en; zna\u010dajno povec\u0301anje (vi\u0161e od 50%) u zahtjevima za azil sa niskim stepenom priznavanja (oko 3-4%); smanjenje saradnje na readmisiji; povec\u0301an rizik za bezbijednost dr\u017eava \u010dlanica, ili posebno ozbiljnih krivi\u010dnih dijela.<\/p>\n<p>Prema proceduri, Evropska komisija mora biti obavije\u0161tena od strane jedne ili vi\u0161e dr\u017eava \u010dlanica. Potom bi ova institucija trebala da procijeni da li je potrebna akcija, na osnovu relevantnih podataka i dostupnih informacija u vezi sa specifi\u010dnim okolnostima.<\/p>\n<p>VOA<\/p>\n<\/div>\n<\/div>\n","protected":false},"excerpt":{"rendered":"<p>Holandija je poslala zvani\u010dno obavje\u0161tenje Evropskoj komisiji da \u017eeli da pokrene mehanizam suspenzije viza za Albaniju, potvr\u0111eno je u ovoj instituciji, prenosi Radio Slobodna Evropa. Natasha Bertaud, portparolka Evropske komisije je naglasila da \u0107e Komisija \u201cpa\u017eljivo razmotriti sadr\u017eaj obavje\u0161tenja, na osnovu relevantnih informacija\u201d. \u201cEvropska komisija \u0107e sada obavijestiti Savjet ministara i Evropski parlament I obavijest [&hellip;]<\/p>\n","protected":false},"author":59,"featured_media":10215,"comment_status":"open","ping_status":"closed","sticky":false,"template":"","format":"standard","meta":{"inline_featured_image":false,"footnotes":""},"categories":[40],"tags":[],"class_list":{"0":"post-10212","1":"post","2":"type-post","3":"status-publish","4":"format-standard","5":"has-post-thumbnail","7":"category-region"},"acf":[],"_links":{"self":[{"href":"https:\/\/tvsensor.com\/api\/wp\/v2\/posts\/10212","targetHints":{"allow":["GET"]}}],"collection":[{"href":"https:\/\/tvsensor.com\/api\/wp\/v2\/posts"}],"about":[{"href":"https:\/\/tvsensor.com\/api\/wp\/v2\/types\/post"}],"author":[{"embeddable":true,"href":"https:\/\/tvsensor.com\/api\/wp\/v2\/users\/59"}],"replies":[{"embeddable":true,"href":"https:\/\/tvsensor.com\/api\/wp\/v2\/comments?post=10212"}],"version-history":[{"count":1,"href":"https:\/\/tvsensor.com\/api\/wp\/v2\/posts\/10212\/revisions"}],"predecessor-version":[{"id":10217,"href":"https:\/\/tvsensor.com\/api\/wp\/v2\/posts\/10212\/revisions\/10217"}],"wp:featuredmedia":[{"embeddable":true,"href":"https:\/\/tvsensor.com\/api\/wp\/v2\/media\/10215"}],"wp:attachment":[{"href":"https:\/\/tvsensor.com\/api\/wp\/v2\/media?parent=10212"}],"wp:term":[{"taxonomy":"category","embeddable":true,"href":"https:\/\/tvsensor.com\/api\/wp\/v2\/categories?post=10212"},{"taxonomy":"post_tag","embeddable":true,"href":"https:\/\/tvsensor.com\/api\/wp\/v2\/tags?post=10212"}],"curies":[{"name":"wp","href":"https:\/\/api.w.org\/{rel}","templated":true}]}}