{"id":10211,"date":"2019-06-03T13:56:05","date_gmt":"2019-06-03T13:56:05","guid":{"rendered":"https:\/\/senzor.ba\/?p=10211"},"modified":"2024-01-15T21:47:18","modified_gmt":"2024-01-15T20:47:18","slug":"boris-johnson-obecao-velika-britanija-31-oktobra-napusta-eu-sa-ili-bez-sporazuma","status":"publish","type":"post","link":"https:\/\/tvsensor.com\/clanak\/boris-johnson-obecao-velika-britanija-31-oktobra-napusta-eu-sa-ili-bez-sporazuma\/","title":{"rendered":"Boris Johnson obe\u0107ao: Velika Britanija 31. oktobra napu\u0161ta EU, sa ili bez sporazuma"},"content":{"rendered":"<p><span class=\"articleIntro\">Sada je vrijeme da ujedinimo na\u0161e dru\u0161tvo i da ujedinimo na\u0161u zemlju, izjavio je Johnson u snimku objavljenom na Twitteru<\/span><\/p>\n<div class=\"articleContent\">\n<p><strong>Boris Johnson<\/strong>, favorit me\u0111u kandidatima za narednog britanskog premijera, obe\u0107ao je u ponedjeljak da \u0107e izvesti svoju zemlju iz Evropske unije, pokre\u0107u\u0107i svoju kandidaturu za \u010delnika.<\/p>\n<p>Premijerka\u00a0<strong>Theresa May<\/strong>\u00a0podnosi ostavku u petak. Johnson, biv\u0161i ministar vanjskih poslova koji je podnio ostavku u znak protesta zbog na\u010dina na koji se May bavila Brexitom, favorit je me\u0111u kladioni\u010darima za njenog nasljednika.<\/p>\n<p>&#8211; Ukoliko budem izabran, mi odlazimo, sa sporazumom ili bez njega, 31. oktobra. Sada je vrijeme da ujedinimo na\u0161e dru\u0161tvo i da ujedinimo na\u0161u zemlju &#8211; izjavio je Johnson u snimku objavljenom na Twitteru.<\/p>\n<p>U bici za \u010delni\u0161tvo nad strankom i vladom u\u010destvuje 13 kandidata i mogla bi potrajati dva mjeseca da se odlu\u010di o pobjedniku, prenosi Reuters.<\/p>\n<\/div>\n","protected":false},"excerpt":{"rendered":"<p>Sada je vrijeme da ujedinimo na\u0161e dru\u0161tvo i da ujedinimo na\u0161u zemlju, izjavio je Johnson u snimku objavljenom na Twitteru Boris Johnson, favorit me\u0111u kandidatima za narednog britanskog premijera, obe\u0107ao je u ponedjeljak da \u0107e izvesti svoju zemlju iz Evropske unije, pokre\u0107u\u0107i svoju kandidaturu za \u010delnika. Premijerka\u00a0Theresa May\u00a0podnosi ostavku u petak. Johnson, biv\u0161i ministar vanjskih [&hellip;]<\/p>\n","protected":false},"author":59,"featured_media":10218,"comment_status":"open","ping_status":"closed","sticky":false,"template":"","format":"standard","meta":{"inline_featured_image":false,"footnotes":""},"categories":[41],"tags":[],"class_list":{"0":"post-10211","1":"post","2":"type-post","3":"status-publish","4":"format-standard","5":"has-post-thumbnail","7":"category-svijet"},"acf":[],"_links":{"self":[{"href":"https:\/\/tvsensor.com\/api\/wp\/v2\/posts\/10211","targetHints":{"allow":["GET"]}}],"collection":[{"href":"https:\/\/tvsensor.com\/api\/wp\/v2\/posts"}],"about":[{"href":"https:\/\/tvsensor.com\/api\/wp\/v2\/types\/post"}],"author":[{"embeddable":true,"href":"https:\/\/tvsensor.com\/api\/wp\/v2\/users\/59"}],"replies":[{"embeddable":true,"href":"https:\/\/tvsensor.com\/api\/wp\/v2\/comments?post=10211"}],"version-history":[{"count":1,"href":"https:\/\/tvsensor.com\/api\/wp\/v2\/posts\/10211\/revisions"}],"predecessor-version":[{"id":10222,"href":"https:\/\/tvsensor.com\/api\/wp\/v2\/posts\/10211\/revisions\/10222"}],"wp:featuredmedia":[{"embeddable":true,"href":"https:\/\/tvsensor.com\/api\/wp\/v2\/media\/10218"}],"wp:attachment":[{"href":"https:\/\/tvsensor.com\/api\/wp\/v2\/media?parent=10211"}],"wp:term":[{"taxonomy":"category","embeddable":true,"href":"https:\/\/tvsensor.com\/api\/wp\/v2\/categories?post=10211"},{"taxonomy":"post_tag","embeddable":true,"href":"https:\/\/tvsensor.com\/api\/wp\/v2\/tags?post=10211"}],"curies":[{"name":"wp","href":"https:\/\/api.w.org\/{rel}","templated":true}]}}