{"id":10208,"date":"2019-06-03T13:44:47","date_gmt":"2019-06-03T13:44:47","guid":{"rendered":"https:\/\/senzor.ba\/?p=10208"},"modified":"2024-01-15T21:47:18","modified_gmt":"2024-01-15T20:47:18","slug":"bajramska-cestitka-reisu-l-uleme-kavazovica","status":"publish","type":"post","link":"https:\/\/tvsensor.com\/clanak\/bajramska-cestitka-reisu-l-uleme-kavazovica\/","title":{"rendered":"Bajramska \u010destitka Reisu-l-uleme Kavazovi\u0107a"},"content":{"rendered":"<p class=\"story-lead\">Danas je reisu-l-ulema Islamske zajednice u Bosni i Hercegovini Husein ef. Kavazovi\u0107 vjernicima uputio bajramsku \u010destitku povodom nastupaju\u0107eg Ramazanskog bajrama 1440. h.g.<\/p>\n<p>\u00a0U \u010destitki Reisu-l-uleme se ka\u017ee:<\/p>\n<p>&#8211; Danas poslije ak\u0161am-namaza voljom Milostivog svjedo\u010dit \u0107emo pojavi mla\u0111aka, kojim se zavr\u0161ava post mjeseca ramazana. I ovaj ramazan smo proveli sna\u017ee\u0107i svoju vjeru i odlu\u010dnost da istrajemo na putu dobra. Mir koji nam je donio ovaj odabrani mjesec osje\u0107amo u svojim du\u0161ama, u svojim porodicama i u d\u017eematima. \u017delja nam je da se on prenese i u dane koji su pred nama, da bude svjetlost koja \u0107e nas voditi kroz \u017eivot.<\/p>\n<p>Posebno smo sretni \u0161to smo vidjeli kako su Ferhadija d\u017eamija u Banja Luci i Alad\u017ea u Fo\u010di svake no\u0107i bile pune vjernika, koji su odlu\u010dni sa\u010duvati svjetlo vjere u jednog Boga.<\/p>\n<p>To nam ulijeva novu nadu i \u010dini nas ponosnim na ovu generaciju muslimana koji nisu klonuli duhom.<\/p>\n<p>Molimo Uzvi\u0161enog da nas na tom put pomogne, da nam pomogne da odgojimo novu generaciju Bo\u0161njaka muslimana i Bo\u0161njakinja muslimanki koji \u0107e biti bolji od nas i koji \u0107e znati \u010duvati emanet vjere i domovine.<\/p>\n<p>Bra\u0107o i sestre,<\/p>\n<p>Radost Bajrama podijelite sa svojom porodicom, sa svojim kom\u0161ijama i prijateljima.<\/p>\n<p>Tuga se smanjuje kada se dijeli, a radost samo pove\u0107ava. Budite s drugima i uz druge.<\/p>\n<p>Posebno se pobrinite da sa na\u0161im kom\u0161ijama nemuslimanima podijelite na\u0161u radost, to je nesalomljivi duh Bosne koji prkosi svakom zlu, mr\u017enji i podjelama. Znajte da njega vrijedi \u010duvati i za njega se boriti.<\/p>\n<p>Drugog dana Bajrama je dan \u0161ehida. Ne zaboravimo na taj dan one koji vi\u0161e nisu s nama, na\u0161e \u0161ehide, one koji su \u017eivote svoje dali za ove vrijednosti. Obi\u0111imo njihova mezarja i osna\u017eimo se sje\u0107anjem na njihovu \u017ertvu i doprinos o\u010duvanju domovine.<\/p>\n<p>Sa posebnim \u017eeljama Bajram \u010destitam na\u0161oj bra\u0107i u Sand\u017eaku i Srbiji, Hrvatskoj, Sloveniji, Kosovu, Crnoj Gori, Sjevernoj Makedoniji, te bo\u0161nja\u010dkoj dijaspori i svim muslimanima i muslimankama u svijetu.<\/p>\n<p>Allahu Milostivi,<\/p>\n<p>U\u010dvrsti na\u0161u vjeru,<\/p>\n<p>Ohrabri nas na putu dobra,<\/p>\n<p>Podari nam istrajnost i po\u017ertvovanost,<\/p>\n<p>U\u010dini nas iskrenim slugama Tvojim.<\/p>\n<p>Daj da u na\u0161im srcima nema mjesta za mr\u017enju prema drugim, sinovima i k\u0107erima Ademovim,<\/p>\n<p>Udalji od nas zavist, pohlepu i oholost i kabul u\u010dini na\u0161 post i na\u0161a dobra djela.<\/p>\n<p>Bajram \u0161erif mubarek olsun, poru\u010dio je reisu-l-ulema Kavazovi\u0107.<\/p>\n<p>Centralna bajramska sve\u010danost bit \u0107e odr\u017eana u Begovoj d\u017eamiji, a bajram-namaz \u0107e se klanjati u 05:44h. Tradicionalno \u010destitanje u Kancelariji reisu-l-uleme bit \u0107e uprili\u010deno od 09:30h do 12:00h.<\/p>\n<p>U kalendaru Islamske zajednice 2. dan Ramazanskog bajrama obilje\u017eava se kao Dan \u0161ehida. To je dan sje\u0107anja na sve one koji su svoje \u017eivote dali brane\u0107i svoju porodicu, \u010dast, domovinu i vjeru. C<\/p>\n<p>Centralni dio programa obilje\u017eavanja ovog dana bit \u0107e odr\u017ean na \u0160ehidskom mezarju \u201eKova\u010di\u201c u Sarajevu sa po\u010detkom u 10:30h.<\/p>\n","protected":false},"excerpt":{"rendered":"<p>Danas je reisu-l-ulema Islamske zajednice u Bosni i Hercegovini Husein ef. Kavazovi\u0107 vjernicima uputio bajramsku \u010destitku povodom nastupaju\u0107eg Ramazanskog bajrama 1440. h.g. \u00a0U \u010destitki Reisu-l-uleme se ka\u017ee: &#8211; Danas poslije ak\u0161am-namaza voljom Milostivog svjedo\u010dit \u0107emo pojavi mla\u0111aka, kojim se zavr\u0161ava post mjeseca ramazana. I ovaj ramazan smo proveli sna\u017ee\u0107i svoju vjeru i odlu\u010dnost da istrajemo [&hellip;]<\/p>\n","protected":false},"author":59,"featured_media":10209,"comment_status":"open","ping_status":"closed","sticky":false,"template":"","format":"standard","meta":{"inline_featured_image":false,"footnotes":""},"categories":[57],"tags":[],"class_list":{"0":"post-10208","1":"post","2":"type-post","3":"status-publish","4":"format-standard","5":"has-post-thumbnail","7":"category-religija"},"acf":[],"_links":{"self":[{"href":"https:\/\/tvsensor.com\/api\/wp\/v2\/posts\/10208","targetHints":{"allow":["GET"]}}],"collection":[{"href":"https:\/\/tvsensor.com\/api\/wp\/v2\/posts"}],"about":[{"href":"https:\/\/tvsensor.com\/api\/wp\/v2\/types\/post"}],"author":[{"embeddable":true,"href":"https:\/\/tvsensor.com\/api\/wp\/v2\/users\/59"}],"replies":[{"embeddable":true,"href":"https:\/\/tvsensor.com\/api\/wp\/v2\/comments?post=10208"}],"version-history":[{"count":1,"href":"https:\/\/tvsensor.com\/api\/wp\/v2\/posts\/10208\/revisions"}],"predecessor-version":[{"id":10210,"href":"https:\/\/tvsensor.com\/api\/wp\/v2\/posts\/10208\/revisions\/10210"}],"wp:featuredmedia":[{"embeddable":true,"href":"https:\/\/tvsensor.com\/api\/wp\/v2\/media\/10209"}],"wp:attachment":[{"href":"https:\/\/tvsensor.com\/api\/wp\/v2\/media?parent=10208"}],"wp:term":[{"taxonomy":"category","embeddable":true,"href":"https:\/\/tvsensor.com\/api\/wp\/v2\/categories?post=10208"},{"taxonomy":"post_tag","embeddable":true,"href":"https:\/\/tvsensor.com\/api\/wp\/v2\/tags?post=10208"}],"curies":[{"name":"wp","href":"https:\/\/api.w.org\/{rel}","templated":true}]}}