{"id":10205,"date":"2019-06-02T17:12:37","date_gmt":"2019-06-02T17:12:37","guid":{"rendered":"https:\/\/senzor.ba\/?p=10205"},"modified":"2024-01-15T21:47:18","modified_gmt":"2024-01-15T20:47:18","slug":"dodik-u-bijeljini-bih-nije-drzava-i-ne-moze-funkcionirati","status":"publish","type":"post","link":"https:\/\/tvsensor.com\/clanak\/dodik-u-bijeljini-bih-nije-drzava-i-ne-moze-funkcionirati\/","title":{"rendered":"Dodik u Bijeljini: BiH nije dr\u017eava i ne mo\u017ee funkcionirati"},"content":{"rendered":"<p>Predsjedavaju\u0107i Predsjedni\u0161tva BiH Milorad Dodik smatra da bi BiH mo\u017eda funkcionirala da je tretirana kao dr\u017eavna zajednica tri konstitutivna naroda i dva entiteta, ali da to ne mo\u017ee jer se \u017eeli nametnuti da su Bo\u0161njaci ve\u0107ina koji odre\u0111uju \u0161ta treba, a \u0161ta ne treba.<\/p>\n<p>&#8211; S obzirom na to da ho\u0107e da joj se nametne neka luda\u010dka ko\u0161ulja koja podrazumijeva &#8216;niste Srbi, niste Bo\u0161njaci, niste Hrvati&#8217; nego ste neki gra\u0111ani u kome su ve\u0107ina Bo\u0161njaci, pa \u0107e oni odre\u0111ivati \u0161ta treba, zato to ne mo\u017ee da funkcioni\u0161e &#8211; rekao je Dodik novinarima u Bijeljini.<\/p>\n<p>On je ponovio da BiH nije dr\u017eava i da ne mo\u017ee funkcionirati, ve\u0107 je dr\u017eavna zajednica tri konstitutivna naroda i dva entiteta.<\/p>\n<p>Dodik je rekao da SNSD ostaje na nivou BiH da se ne bi de\u0161avalo kao u nekim ranijim periodima kada su napu\u0161tana mjesta, a &#8220;utr\u010davali&#8221; neki drugi koji su nanijeli jo\u0161 ve\u0107u \u0161tetu.<\/p>\n<p>&#8211; Dakle tu smo, ali kako se radi, \u0161ta se radi, vidjet \u0107emo &#8211; rekao je Dodik.<\/p>\n<p>Dodik, koji je i predsjednik SNSD-a, rekao je da \u0107e se po povratku iz Rusije susresti sa politi\u010dkim liderima vladaju\u0107e koalicije u RS.<\/p>\n<p>&#8211; Vjerujem u narednih desetak dana, krajem idu\u0107e sedmice &#8211; naveo je Dodik.<\/p>\n","protected":false},"excerpt":{"rendered":"<p>Predsjedavaju\u0107i Predsjedni\u0161tva BiH Milorad Dodik smatra da bi BiH mo\u017eda funkcionirala da je tretirana kao dr\u017eavna zajednica tri konstitutivna naroda i dva entiteta, ali da to ne mo\u017ee jer se \u017eeli nametnuti da su Bo\u0161njaci ve\u0107ina koji odre\u0111uju \u0161ta treba, a \u0161ta ne treba. &#8211; S obzirom na to da ho\u0107e da joj se nametne [&hellip;]<\/p>\n","protected":false},"author":59,"featured_media":10206,"comment_status":"open","ping_status":"closed","sticky":false,"template":"","format":"standard","meta":{"inline_featured_image":false,"footnotes":""},"categories":[38],"tags":[],"class_list":{"0":"post-10205","1":"post","2":"type-post","3":"status-publish","4":"format-standard","5":"has-post-thumbnail","7":"category-vijesti-iz-bih"},"acf":[],"_links":{"self":[{"href":"https:\/\/tvsensor.com\/api\/wp\/v2\/posts\/10205","targetHints":{"allow":["GET"]}}],"collection":[{"href":"https:\/\/tvsensor.com\/api\/wp\/v2\/posts"}],"about":[{"href":"https:\/\/tvsensor.com\/api\/wp\/v2\/types\/post"}],"author":[{"embeddable":true,"href":"https:\/\/tvsensor.com\/api\/wp\/v2\/users\/59"}],"replies":[{"embeddable":true,"href":"https:\/\/tvsensor.com\/api\/wp\/v2\/comments?post=10205"}],"version-history":[{"count":1,"href":"https:\/\/tvsensor.com\/api\/wp\/v2\/posts\/10205\/revisions"}],"predecessor-version":[{"id":10207,"href":"https:\/\/tvsensor.com\/api\/wp\/v2\/posts\/10205\/revisions\/10207"}],"wp:featuredmedia":[{"embeddable":true,"href":"https:\/\/tvsensor.com\/api\/wp\/v2\/media\/10206"}],"wp:attachment":[{"href":"https:\/\/tvsensor.com\/api\/wp\/v2\/media?parent=10205"}],"wp:term":[{"taxonomy":"category","embeddable":true,"href":"https:\/\/tvsensor.com\/api\/wp\/v2\/categories?post=10205"},{"taxonomy":"post_tag","embeddable":true,"href":"https:\/\/tvsensor.com\/api\/wp\/v2\/tags?post=10205"}],"curies":[{"name":"wp","href":"https:\/\/api.w.org\/{rel}","templated":true}]}}