{"id":10193,"date":"2019-06-02T17:01:57","date_gmt":"2019-06-02T17:01:57","guid":{"rendered":"https:\/\/senzor.ba\/?p=10193"},"modified":"2024-01-15T21:47:19","modified_gmt":"2024-01-15T20:47:19","slug":"zekat-se-ne-moze-davati-televizijama","status":"publish","type":"post","link":"https:\/\/tvsensor.com\/clanak\/zekat-se-ne-moze-davati-televizijama\/","title":{"rendered":"Zekat se ne mo\u017ee davati televizijama"},"content":{"rendered":"<p><span style=\"font-weight: 400\">Nakon \u0161to su neke bosanskohercegova\u010dke organizacije, pojedinci, pa \u010dak i televizije, kakav je nedavni slu\u010daj FACE TV-a, uzele sebi za pravo da ubiru i distribuiraju zekat, iz Ureda za zekat Rijaseta Islamske zajednice u Bosni i Hercegovini su jo\u0161 jednom upozorili \u010dlanove IZ u BiH da se prema islamskom u\u010denju zekat mo\u017ee upla\u0107ivati samo u Bejtu-l-mal. Odnosno, da je ubiranje i distribucija zekata u islamskoj tradiciji vezano samo za <\/span><i><span style=\"font-weight: 400\">ulu-l-emra<\/span><\/i><span style=\"font-weight: 400\">, tj. institucionalnog predstavnika zajednice vjernika.<\/span><\/p>\n<p><span style=\"font-weight: 400\">Prilozi koje vjernici daju za druge humanitarne projekte se smatraju sadakom i oni \u0107e voljom Bo\u017eijom biti za to dobro djelo nagra\u0111eni, ali se ne mo\u017ee smatrati da su ispunili obavezu izdvajanja zekata. Zekat je jedan od pet temelja islama i samim time dio islamskog vjerovanja i obredoslovlja koji prema va\u017ee\u0107em Zakonu o slobodi vjere i pravnom polo\u017eaju crkava i vjerskih zajednica u Bosni i Hercegovini mo\u017ee biti samo u nadle\u017enosti Islamske zajednice u Bosni i Hercegovini. <\/span><\/p>\n<p><span style=\"font-weight: 400\">Iz Islamske zajednice jo\u0161 jednom apeluju na sve pojedince, organizacije a naro\u010dito medije da ne dovode javnost u zabludu i da ne komercijaliziraju vjerske obaveze ili osje\u0107anja ljudi.<\/span><\/p>\n","protected":false},"excerpt":{"rendered":"<p>Nakon \u0161to su neke bosanskohercegova\u010dke organizacije, pojedinci, pa \u010dak i televizije, kakav je nedavni slu\u010daj FACE TV-a, uzele sebi za pravo da ubiru i distribuiraju zekat, iz Ureda za zekat Rijaseta Islamske zajednice u Bosni i Hercegovini su jo\u0161 jednom upozorili \u010dlanove IZ u BiH da se prema islamskom u\u010denju zekat mo\u017ee upla\u0107ivati samo u [&hellip;]<\/p>\n","protected":false},"author":59,"featured_media":10194,"comment_status":"open","ping_status":"closed","sticky":false,"template":"","format":"standard","meta":{"inline_featured_image":false,"footnotes":""},"categories":[57],"tags":[],"class_list":{"0":"post-10193","1":"post","2":"type-post","3":"status-publish","4":"format-standard","5":"has-post-thumbnail","7":"category-religija"},"acf":[],"_links":{"self":[{"href":"https:\/\/tvsensor.com\/api\/wp\/v2\/posts\/10193","targetHints":{"allow":["GET"]}}],"collection":[{"href":"https:\/\/tvsensor.com\/api\/wp\/v2\/posts"}],"about":[{"href":"https:\/\/tvsensor.com\/api\/wp\/v2\/types\/post"}],"author":[{"embeddable":true,"href":"https:\/\/tvsensor.com\/api\/wp\/v2\/users\/59"}],"replies":[{"embeddable":true,"href":"https:\/\/tvsensor.com\/api\/wp\/v2\/comments?post=10193"}],"version-history":[{"count":1,"href":"https:\/\/tvsensor.com\/api\/wp\/v2\/posts\/10193\/revisions"}],"predecessor-version":[{"id":10195,"href":"https:\/\/tvsensor.com\/api\/wp\/v2\/posts\/10193\/revisions\/10195"}],"wp:featuredmedia":[{"embeddable":true,"href":"https:\/\/tvsensor.com\/api\/wp\/v2\/media\/10194"}],"wp:attachment":[{"href":"https:\/\/tvsensor.com\/api\/wp\/v2\/media?parent=10193"}],"wp:term":[{"taxonomy":"category","embeddable":true,"href":"https:\/\/tvsensor.com\/api\/wp\/v2\/categories?post=10193"},{"taxonomy":"post_tag","embeddable":true,"href":"https:\/\/tvsensor.com\/api\/wp\/v2\/tags?post=10193"}],"curies":[{"name":"wp","href":"https:\/\/api.w.org\/{rel}","templated":true}]}}