{"id":10184,"date":"2019-06-01T14:34:36","date_gmt":"2019-06-01T14:34:36","guid":{"rendered":"https:\/\/senzor.ba\/?p=10184"},"modified":"2024-01-15T21:47:19","modified_gmt":"2024-01-15T20:47:19","slug":"bosnjaci-u-bruxellesu-ovog-ramazana-klanjali-u-crkvi","status":"publish","type":"post","link":"https:\/\/tvsensor.com\/clanak\/bosnjaci-u-bruxellesu-ovog-ramazana-klanjali-u-crkvi\/","title":{"rendered":"Bo\u0161njaci u Bruxellesu ovog ramazana klanjali u crkvi"},"content":{"rendered":"<p>Pete godine Muhammedovog, a. s., poslanstva drasti\u010dno se pove\u0107ao broj napada na muslimane. Stepen i oblici nasilja nad mladom muslimanskom zajednicom direktno su ovisili o dru\u0161tvenom statusu i bogatstvu, te stepenu za\u0161tite koji je on u\u017eivao u vlastitom plemenu. Stoga je Bo\u017eiji Poslanik preporu\u010dio neza\u0161ti\u0107enim muslimanima da izbjegnu iz Meke sve dok im Gospodar ne podari olak\u0161anje i za\u0161titu. Za uto\u010di\u0161te im je odabrao Abesiniju, zemlju u kojoj je kr\u0161\u0107anstvo bilo zvani\u010dna dr\u017eavna vjera, a \u010diji je tada\u0161nji kralj Negus bio nadaleko poznat kao pobo\u017ean, \u010destit i pravedan vladar koji nikome nepravde ne \u010dini. Muslimani su od njega, Poslanik je to pouzdano znao, mogli dobiti punu za\u0161titu.<\/p>\n<p>Prva grupa, sastavljena od dvanaest mu\u0161karaca i \u010detiri \u017eene, oti\u0161la je put Abesinije iste te 615. godine. Ve\u0107 naredne godine, kada se odnos idolopoklonika prema muslimanskoj zajednici pogor\u0161ao i kada su muslimani bili dovedeni na rub potpune izolacije (koja je uskoro i uslijedila), ve\u0107a grupa od sedamdeset sedam mu\u0161karaca i trinaest \u017eena odlazi potra\u017eiti uto\u010di\u0161te kod pravednog kr\u0161\u0107anskog kralja Negusa. Kralj ih je primio i dopustio im da \u017eive u Abesiniji, pru\u017eiv\u0161i im za\u0161titu i odbiv\u0161i ih isporu\u010diti vo\u0111ama Meke, uprkos dugogodi\u0161njem prijateljstvu i darovima koje ovi bijahu poslali kako bi Negus vratio politi\u010dke migrante u ruke krvnika. \u201cNi za brda zlata ne bih naudio nijednom od vas\u201d, rekao je Negus muslimanima dok su \u010dekali na njegovu odluku. Muhammed, a. s., nikada nije zaboravio ovaj \u010din dobro\u010dinstva, te je do Negusove smrti odr\u017eavao diplomatske odnose s Abesinijom, govore\u0107i o Negusu rije\u010dima po\u0161tovanja.<\/p>\n<p>Bio je to prvi kontakt muslimana i kr\u0161\u0107ana. Nije se radilo o ratu niti sukobu bilo koje vrste, o onom kontaktu koji \u0107e poslije biti prepoznat kao sukob civilizacija. Ne! Prvi dodir islama i kr\u0161\u0107anstva ostvaren je u trenutku kad su kr\u0161\u0107ani pru\u017eili za\u0161titu muslimanima. Prvi, dakle, dodir islama i kr\u0161\u0107anstva obilje\u017eilo je po\u0161tovanje, pomo\u0107 u nevolji i pru\u017eanje za\u0161tite. Hiljadu i \u010detiri stotine godina poslije, susreti islamskog i kr\u0161\u0107anskog svijeta \u010dini se da donose mnogo vi\u0161e zla nego dobra \u010dovje\u010danstvu. Ipak, to nije uvijek tako, o \u010demu svjedo\u010de brojni primjeri iz na\u0161e svakodnevice. Mo\u017eda je tek problem \u0161to takvi primjeri nisu dovoljno osvijetljeni svjetlima medijskih reflektora. Jedan od takvih, po mnogo \u010demu blizak primjeru kralja Negusa i muslimana, jeste i pri\u010da o bo\u0161nja\u010dkom d\u017eematu IKC \u201cNur\u201d u Bruxellesu, koji je ostao bez d\u017eamijskih prostorija, a kojem su katoli\u010dka zajednica i sve\u0107enik Marc Leonard ustupili crkvene prostorije Chapelle Saint-Michel kako bi muslimani mogli obavljati namaz.<\/p>\n<p><strong>BROJ D\u017dEMATLIJA U PORASTU<\/strong><\/p>\n<p>Prvi imam d\u017eemata IKC \u201cNur\u201d Nizam-efendija \u0110iki\u0107 ka\u017ee da ga je primjer kr\u0161\u0107anskog sve\u0107enika koji je u Bruxellesu, srcu kr\u0161\u0107anske Evrope, ponudio crkvene prostorije muslimanima upravo podsjetio na primjer Negusa. \u201cKr\u0161\u0107anska Abesinija zra\u010dila je pravdom za sve ljude, moralom i slobodom dostojnom svakog insana, po historijskim zapisima. U dana\u0161njem vremenu Evropa je dehumanizirana i birokratizirana, suprotno kr\u0161\u0107anskim vrijednostima Abesinije. Raduje me da u Hrvatskoj, preciznije u Sisku, rade s djecom u ovom ramazanu performanse iz tog razdoblja ljudske egzistencije na planeti Zemlji. Svi mi zajedno mo\u017eemo obogatiti dru\u0161tvo dana\u0161njice poukama i porukama djela pravednog kralja Negusa\u201d, isti\u010de \u0110iki\u0107.<\/p>\n<p>Kako pripovijeda predsjednik d\u017eemata, IKC \u201cNur\u201d Bruxelles zvani\u010dno je osnovan krajem prvog i po\u010detkom drugog tromjese\u010dja 2002. godine. \u201cPrvi imam prilikom osnivanja, kao tada\u0161nji dekretirani imam Antwerpena, bio je uva\u017eeni Nizam-efendija \u0110iki\u0107. Ujedno je bio i prvi muallim \u010detiri godine prije same registracije d\u017eemata, te mutevelija d\u017eemata od inicijative do \u2018klju\u010da u bravi\u2019. Od same registracije, tj. zvani\u010dnog otvorenja, na\u0161 je d\u017eemat u sastavu Islamske zajednice u BiH. Tako\u0111er, priznat je i od Kraljevine Belgije i Vije\u0107a muslimana Belgije\u201d, isti\u010de predsjednik d\u017eemata Semir Omerhod\u017ei\u0107. Nizam-efendija \u0110iki\u0107 ka\u017ee da je rado preuzeo funkciju imama u ovom d\u017eematu.<\/p>\n<p>Neposredno nakon osnivanja, d\u017eemat IKC \u201cNur\u201d brojao je tridesetak \u010dlanova, odnosno porodica, jer \u010dlanstvo nije individualno, ve\u0107 porodi\u010dno. Danas \u010dlanstvo d\u017eemata \u010dine i potomci te prve generacije d\u017eematlija, a ukupan broj prelazi \u0161ezdeset \u010dlanova, uz stalnu tendenciju rasta. \u201cNe \u017eele\u0107i navoditi imena svih koji su ugradili dio sebe u temelje na\u0161eg d\u017eemata, boje\u0107i se da ne bih izostavio nekoga, napomenut \u0107u imena samo na\u0161ih tada\u0161njih vjerskih predstavnika: Nizam-efendija \u0110iki\u0107, Hasan-efendija Muji\u0107 te na\u0161 prvi imam nakon zvani\u010dnog otvorenja Nusret-efendija Tabakovi\u0107. Nedugo nakon osnivanja, u na\u0161 d\u017eemat dolazi i Amer Durmo, koji relativno brzo preuzima ulogu imama. Hvala Allahu, d\u017e. \u0161., koji nas je nagradio na\u0161im Amerom. Mada je na\u0161 d\u017eemat nekada brojao stotinjak \u010dlanova, vrlo je bitno skrenuti pa\u017enju na podatak na kojem nam mogu pozavidjeti i mnogo ve\u0107i d\u017eemati, a to je broj polaznika mektepske i nastave bosanskog jezika. Trenutno imamo vi\u0161e od \u010detrdesetero djece, svih uzrasta\u201d, isti\u010de Omerhod\u017ei\u0107.<\/p>\n<p><strong>GUBITAK PROSTORIJA I OBNOVA RADA D\u017dEMATA<\/strong><\/p>\n<p>Prostorije u kojima se nalazio d\u017eemat IKC \u201cNur\u201d, kako ka\u017ee predsjednik d\u017eemata, bile su iznajmljene. Te su prostorije krajem 2011. godine iz sigurnosnih razloga zatvorene (nepostojanje rezervnog izlaza u slu\u010daju nu\u017ede, tzv. protupo\u017earni izlaz, kao i nemogu\u0107nost evakuacije osoba s invaliditetom), \u0161to je dovelo d\u017eemat u veoma nezgodnu situaciju. \u201cNa jednoj od d\u017eematskih skup\u0161tina tada\u0161nji d\u017eematski odbor i ve\u0107ina d\u017eematlija odlu\u010dili su da je prevelika i nama neostvariva investicija kupiti taj objekt te ulo\u017eiti znatna sredstva za renovaciju i ispunjenje svih potrebnih sigurnosnih uvjeta za boravak. Jedan manji dio tada\u0161njih d\u017eematlija pridru\u017eio se na\u0161im d\u017eematima u Genku i Antwerpenu, a jedan dio obli\u017enjim d\u017eematima drugih naroda, naj\u010de\u0161\u0107e turskim. Ipak, sa \u017ealjenjem moram konstatirati da je znatan dio d\u017eematlija utonuo u san i postao totalno neaktivan iz samo njima poznatih razloga\u201d, ka\u017ee predsjednik d\u017eemata IKC \u201cNur\u201d.<\/p>\n<p>U periodu od 2012. pa do kraja 2017. godine on se u vi\u0161e navrata sastajao s nekoliko pojedinaca u cilju ponovnog pokretanja d\u017eemata ili barem mektepske nastave. \u201cZbog nedostatka vlastitog prostora, \u010desto su mjesta na\u0161eg okupljanja bila i neuvjetna i neprikladna (skladi\u0161te materijala i alatnica, naprimjer), ali nismo odustali. Zajedno s tada\u0161njim imamom u Antwerpenu i ujedno glavnim imamom za zemlje Beneluxa, uva\u017eenim Bakir-efendijom Halilovi\u0107em, radili smo \u010dak i na ideji realizacije jednog odjeljenja u Bruxellesu pod pokroviteljstvom d\u017eemata iz Antwerpena. Do realizacije nije do\u0161lo jer smo u toku \u0161kolskih raspusta i po\u010detkom \u0161kolske 2017\/18. godine, uz Allahovu pomo\u0107, samostalno s na\u0161im imamom uspjeli osigurati u\u010dionice i krenuti u realizaciju dugo pripremanog projekta. Projekta bu\u0111enja na\u0161eg d\u017eemata! Iznajmili smo dvije \u0161kolske u\u010dionice i po\u010deli s mektepskom nastavom i nastavom bosanskog jezika. Po\u0161to navedene prostorije nisu prilago\u0111ene za na\u0161e vjerske potrebe, uveliko radimo i na izradi plana kako bi poku\u0161ali na najbolji na\u010din osigurati prostor koji \u0107e ujedno zadovoljiti na\u0161e vjerske i kulturne potrebe\u201d, ka\u017ee predsjednik Omerhod\u017ei\u0107. Ipak je mektepska nastava bila pokrenuta, d\u017eemat jo\u0161 nije imao svoje prostorije, \u0161to je Bo\u0161njacima okupljenim oko ovog d\u017eemata te\u0161ko padalo, naro\u010dito pred ramazan. Stoga se rukovodstvo d\u017eemata anga\u017eiralo u poku\u0161aju da prona\u0111e rje\u0161enje kako bi d\u017eemat, barem uz ramazan, imao mjesto na kojem se mo\u017ee okupljati.<\/p>\n<p><strong>VELIKODU\u0160NI GEST KR\u0160\u0106ANA<\/strong><\/p>\n<p>Kako ka\u017ee Omerhod\u017ei\u0107, vrlo je te\u0161ko iznajmiti bilo kakav objekt na samo mjesec dana, jer svi vlasnici tra\u017ee finansijsku sigurnost i nude vi\u0161egodi\u0161nje ugovore. Stoga se d\u017eemat IKC \u201cNur\u201d obratio i drugim d\u017eematima za pomo\u0107. \u201cVe\u0107inom ka\u017eu bujrum, stanite u saf s nama. Zaista smo im zahvalni na tome, ali ipak je mnogo ljep\u0161e slu\u0161ati vaz i hutbu na na\u0161em jeziku, okupiti se i podijeliti iftar s na\u0161im \u010dovjekom, osjetiti mirise na\u0161e tradicionalne kuhinje, a i podijeliti sve nabrojano i ostaviti polahko u amanet na\u0161oj djeci. Upravo iz tih razloga, na\u0161 d\u017eematlija Kenan ponudio se te kontaktirao i druge vjerske zajednice. Nakon potvrdnog odgovora, manja delegacija obi\u0161la je prostorije i ustanovila da one odgovaraju na\u0161im potrebama. Na\u0161e vrijedne hanume, koje ne mogu da ne spomenem i istaknem njihov ogroman trud i doprinos u svemu \u0161to smo uradili do sada, organizirale su akciju \u010di\u0161\u0107enja. Svakako da su i na\u0161e vrijedne d\u017eematlije prisko\u010dile u pomo\u0107 i prekrili podove tepisima kako bismo mogli obavljati namaz\u201d, ka\u017ee Omerhod\u017ei\u0107.<\/p>\n<p>Da bismo izbjegli bilo kakvu zabunu, on napominje da se namazi ne obavljaju u centralnom dijelu crkve, nego u drugim crkvenim prostorijama. Razlika je, kako ka\u017ee, velika i le\u017ei u \u010dinjenici da svaka crkva, kao vjerski objekt, ima svoje vjerske simbole, ikonografiju, pa i kipove, a oni nisu u skladu s islamom. \u201cIz tog razloga, takav objekt ne bi bio prikladan za obavljanje na\u0161ih vjerskih potreba. Kao i svaki drugi objekt, tako i crkva ima svoje dodatne i pomo\u0107ne prostorije, a suprotno od gore navedenog, u tim prostorijama nema predmeta na osnovu kojih biste mogli zaklju\u010diti da ste u crkvi. Upravo takve prostorije mi koristimo. Ljudsku veli\u010dinu na\u0161ih doma\u0107ina opisuje i jedan mali detalj. Me\u0111u stvarima koje su bile u prostorijama koje su nam dodijelili nalazio se i jedan vjerski simbol koji doma\u0107in nije vidio. Kada smo ga primijetili, poku\u0161ali smo objasniti doma\u0107inu da bismo ga voljeli barem privremeno ukloniti\u2026 Nismo ni zavr\u0161ili, a na\u0161 doma\u0107in je uz izvinjenje uzeo taj predmet, odlo\u017eiv\u0161i ga na odgovaraju\u0107e mjesto izvan prostorija koje mi koristimo za namaz. Gest zaista vrijedan pa\u017enje i spomena\u201d, isti\u010de Omerhod\u017ei\u0107.<\/p>\n<p>On ka\u017ee da je ovakav odnos kr\u0161\u0107anske zajednice prema muslimanima prava rijetkost, posebno u dana\u0161njem vremenu kada mnogi imaju iskrivljenu sliku i nedovoljno poznaju islam. \u201cBrz i pozitivan odgovor kr\u0161\u0107anske zajednice i mene je pozitivno iznenadio. Ovo je i odli\u010dna prilika da poka\u017eemo ko smo i \u0161ta smo, te da im se time odu\u017eimo. Nadamo se da \u0107e se i sami uvjeriti da je na\u0161a vjera vjera mira i tolerancije i da moramo \u017eivjeti skupa i prihvatati druge i druga\u010dije\u201d, poru\u010duje Omerhod\u017ei\u0107.<\/p>\n<p>Imam iz d\u017eemata IKC \u201cNur\u201d Amer-efendija Durmo ka\u017ee da su reakcije d\u017eematlija na obavljanje namaza u crkvi razli\u010dite, ali da su ve\u0107inom pozitivne. \u201cNajbitnije za nas jeste to da imamo svoj kutak u kojem mo\u017eemo iftare organizirati, d\u017eumu i teravih-namaz obaviti. Taj prostor koji se nalazi u sklopu crkve nije bio namje\u0161ten, bilo je tu par ikona i krstova koje smo uz saglasnost doma\u0107ina premjestili u drugu prostoriju\u201d, ka\u017ee efendija Durmo.<\/p>\n<p>On podsje\u0107a da se d\u017eemat IKC \u201cNur\u201d obra\u0107ao i drugim muslimanskim zajednicama za pomo\u0107, ali niti od jedne zajednice nije dobio pozitivan odgovor, iako se u Bruxellesu nalazi vi\u0161e od osamdeset registriranih d\u017eemata.<\/p>\n<p>\u201cKada nam je kr\u0161\u0107anska zajednica odobrila prostor, zaista smo svi bili presretni \u0161to se opet mo\u017eemo, nakon sedam godina, okupiti za teravih-namaz. Tako da u ovom vremenu, u kojem mediji \u0161ire lo\u0161u sliku islama, vidimo da jo\u0161 ima dobrih i iskrenih sve\u0107enika i monaha koji znaju \u0161ta je ramazan i koliko on zna\u010di muslimanu. Nadam se da \u0107e ova kr\u0161\u0107anska zajednica biti od onih za koje Allah, d\u017e. \u0161., u suri\u00a0<em>Ali-Imran<\/em>\u00a0u 69. ajetu ka\u017ee: \u2018Oni koji su vjerovali, pa i oni koji su bili jevreji, i sabijci, i kr\u0161\u0107ani \u2013 oni koji su u Allaha i u onaj svijet vjerovali i dobra djela \u010dinili \u2013 ni\u010dega se oni ne\u0107e bojati i ni za \u010dim oni ne\u0107e tugovati'\u201d, ka\u017ee efendija Durmo, isti\u010du\u0107i da je najve\u0107a prednost Bo\u0161njaka nad drugim muslimanskim zajednicama \u010dinjenica \u0161to su oni evropski muslimani. \u201cNa belgijskoj televiziji objavljen je dokumentarni film pod nazivom\u00a0<em>Allah in Europa<\/em>, u kojem je na najljep\u0161i mogu\u0107i na\u010din prikazan islam u Bosni i Hercegovini, pokazano je kako mi Bo\u0161njaci mo\u017eemo biti dobar primjer drugim muslimanima\u201d, ka\u017ee Durmo.<\/p>\n<p>Nakon \u0161to je osigurao prostorije za obavljanje molitve, d\u017eemat je anga\u017eirao i u\u010denika medrese Edina Konju kao imama. Edin ka\u017ee da nikad u \u017eivotu nije razmi\u0161ljao niti pomislio da bi mogao predvoditi teravih-namaz u crkvi, ali da mu je to svakako iskustvo koje \u0107e pamtiti. \u201cPrvi put izvan na\u0161e dr\u017eave obavljam ovu du\u017enost. Velika mi je \u010dast \u0161to sam ovdje i \u0161to su mi ljudi ukazali povjerenje da budem ovdje za ramazan kao teravih-imam. Naravno, ovo iskustvo umnogome \u0107e mi pomo\u0107i jer mi u Bosni nemamo uvid u stanje u kakvom se nalaze muslimani u Evropi i ne znamo s kakvim se pote\u0161ko\u0107ama susre\u0107u i kako se sve bore da opstanu i sa\u010duvaju svoje d\u017eemate. Ovo mi je otvorilo vidike i od ovog \u0107u ramazana vi\u0161e cijeniti na\u0161e ljude u Evropi koji se bore za islam i da o\u010duvaju vjeru i tradiciju\u201d, poru\u010duje Edin-efendija.<\/p>\n<p>\u201c\u0160ta mislite kolika je i koja vrijednost osnovati Bo\u017eiju ku\u0107u ondje gdje je nikada nisu imali vjernici na\u0161eg govornog podru\u010dja od postanka Evrope \u2013 u Bruxellesu? Tu \u010dinjenicu imao sam u vidu kada sam, uz potporu moje supruge, odlu\u010dio \u017ertvovati sebe, dio vremena od braka, na\u0161e dje\u010dice, vrijeme od stjecanja pla\u0107e itd., kada smo interes Zajednice postavili iznad na\u0161eg li\u010dnog, da bi i u Bruxellesu postojalo mjesto za njegovanje vjerskog, kulturnog, tradicijskog i inih identiteta, rekao bih, ljudskih vrijednosti uop\u0107e.\u201d, pri\u010da\u00a0izam-efendija \u0110iki\u0107, prvi imam IKC \u201cNur\u201d. \u201cSamo Uzvi\u0161enom Stvoritelju mo\u017eemo zahvaliti na toj sudbini koju smo pro\u017eivjeli, to su neizrecive vrijednosti i odricanja: Bruxelles, duhovni centar \u201cNur\u201d u glavnom \u0161eheru Evrope i kraljevine Belgije \u2013 samo je za sebe dovoljno, puna usta, rekao bi na\u0161 dobri narod. Dozvolite mi da izrazim duboku vjerni\u010dku zahvalnost i veliko ljudsko po\u0161tovanje svim dr\u017eavnim strukturama Belgije koje su nam pru\u017eile uto\u010di\u0161te od agresorskih razaranja na\u0161e prelijepe Bosne, a zatim dopustili i izgradnju ku\u0107e za slobodno iskazivanje vjerskih i ostalih ljudskih obaveza i prava. Rije\u010d svaka je malehna za djela naroda Belgije spram na\u0161e dijaspore, doista. Vidite, mali je prostor ovdje da bi se izrekle sve dimenzije na\u0161e dijasporske zbilje, no hvala \u010dasopisu\u00a0<em>Stav<\/em>\u00a0na pa\u017enji i po\u0161tovanju na\u0161eg kruha sa sedam kora. Nadam se da \u0107emo imati priliku upoznati na\u0161u maticu s na\u0161om zbiljom, to su \u017eive \u017eivotne pri\u010de i bogatstvo razmjene iskustava i optimizma, izazovi s kojima se suo\u010davamo. S na\u0161e strane, to je ponajvi\u0161e briga za djecu i identitet, a posebno taj fenomen institucionalnog samoorganiziranja s integracijom, a bez asimilacije. Dozvolite mi da du\u0161om za\u017eelim primljene ramazanske ibadete svima od Ma\u0161rika do Magriba, mole\u0107i Stvoritelja da nastavimo postiti od nepravde i svake vrste nasilja prema svakom \u017eivom bi\u0107u. Posta\u010di, cijenjeno uredni\u0161tvo i \u010ditateljstvo, po\u0161tovane sestre, bra\u0107o draga: Bajram vam bare\u0107ula.<\/p>\n<p>S rado\u0161\u0107u nastavljamo saradnju i poslije ramazana, ka\u017ee nam\u00a0Marc Leonard, sve\u0107enik crkve Chapelle Saint-Michel.<\/p>\n<p><strong>STAV: Koliko dugo ste Vi (pastor \/ sve\u0107enik) u ovoj briselskoj kapeli i kakva ste iskustva u tom vremenu imali s muslimanskom zajednicom u Belgiji?<\/strong><\/p>\n<p><strong>LEONARD:<\/strong>\u00a0Sve\u0107enik sam ve\u0107 dvadesetak godina. Moji nadle\u017eni su me pozvali iz Tunisa na nekoliko godina da radim u Belgiju, tako da sam sve\u0107enik u kapeli Chapelle. Moje iskustvo s muslimanskom zajednicom u Bruxellesu stoga je relativno kratko i povr\u0161no. Prije svega, uo\u010dio sam da ovdje ne postoji jedna nego vi\u0161e muslimanskih zajednica, da je slika islama veoma individualizirana. Marokanske i turske zajednice veoma su razli\u010dite. Na\u010dini organiziranja i razumijevanja islama u Maroku i Turskoj odra\u017eavaju se na zajednicu Marokanaca i Turaka koji \u017eive u Belgiji. Ipak, zajednice muslimana u Belgiji koje su mononacionalne djeluju mi diskretnije, ali i slobodnije.<\/p>\n<p><strong>STAV: Zbog \u010dega ste ustupili crkveni prostor muslimanima kako bi mogli obavljati teravije i vjerske obrede tokom ramazana?<\/strong><\/p>\n<p><strong>LEONARD:<\/strong>\u00a0Zahtjev je bio upu\u0107en centru \u201cEl-Kalima\u201d, koji posje\u0107ujem i gdje imamo na\u0161e ispostave. One nisu idealne, ali su zadovoljavaju\u0107e. Budu\u0107i da je mjesec ramazan posebno va\u017ean muslimanima, \u010dinilo mi se izuzetno va\u017enim da im pomognem da se sastaju i da se mole Bogu u svojoj zajednici.<\/p>\n<p><strong>STAV: \u0160ta nam govori \u010dinjenica da u Zapadnoj Evropi ima onih koji su spremni na taj na\u010din pomo\u0107i drugom i druga\u010dijem, uprkos sveprisutnoj islamofobiji?<\/strong><\/p>\n<p><strong>LEONARD:<\/strong>\u00a0Da, naravno! Ali ne \u010dini mi se ba\u0161 da islamofobija dominira u ovom momentu. Mnogo ve\u0107e diskriminacije u ovom trenutku mo\u017eemo vidjeti protiv Roma. Zajednice Jevreja tako\u0111er se suo\u010davaju s rastom antisemitizma, a pove\u0107ava se i broj akcija protiv kr\u0161\u0107ana i njihovih crkava. Me\u0111utim, u svakodnevnom \u017eivotu ne postoje problemi u relacijama izme\u0111u ljudi razli\u010ditih vjera.<\/p>\n<p><strong>STAV: Zbog \u010dega pri\u010de poput ove ne dospijevaju pod svjetla medijskih reflektora?<\/strong><\/p>\n<p><strong>LEONARD:<\/strong>\u00a0Ljudska psihologija i medijski marketing! Niko se ne interesira za par koji ima izvanredno bra\u010dno putovanje, me\u0111utim, kada to dvoje imaju sudar na putu u trenutku kad se vra\u0107aju s tog putovanja, onda bi svako \u017eelio da sazna sve detalje. To je cini\u010dno. Me\u0111utim, da bi mediji o tome pri\u010dali, najbolje bi bilo da taj par bude ubijen u atentatu. Popularno novinarstvo treba se prodati, ali ono \u0161to je ispravno i ono \u0161to je dobro te\u0161ko je prodati. Ipak, neki mediji koji su vi\u0161e specijalizirani prenose ovakvu vrstu informacija kada im se to saop\u0107i. Mi moramo doprinijeti da se takva proizvodnja medijskog sadr\u017eaja promijeni.<\/p>\n<p>&nbsp;<\/p>\n<p><strong>STAV: Planirate li nastaviti saradnju i pomo\u0107 i nakon mjeseca ramazana?<\/strong><\/p>\n<p><strong>LEONARD:<\/strong>\u00a0S rado\u0161\u0107u. Zajedni\u010dki anga\u017eman na socijalnim projektima bio bi jo\u0161 bolji. Ostat \u0107emo otvoreni za dogovor.<\/p>\n<p>STAV<\/p>\n","protected":false},"excerpt":{"rendered":"<p>Pete godine Muhammedovog, a. s., poslanstva drasti\u010dno se pove\u0107ao broj napada na muslimane. Stepen i oblici nasilja nad mladom muslimanskom zajednicom direktno su ovisili o dru\u0161tvenom statusu i bogatstvu, te stepenu za\u0161tite koji je on u\u017eivao u vlastitom plemenu. Stoga je Bo\u017eiji Poslanik preporu\u010dio neza\u0161ti\u0107enim muslimanima da izbjegnu iz Meke sve dok im Gospodar ne [&hellip;]<\/p>\n","protected":false},"author":59,"featured_media":10191,"comment_status":"open","ping_status":"closed","sticky":false,"template":"","format":"standard","meta":{"inline_featured_image":false,"footnotes":""},"categories":[57],"tags":[],"class_list":{"0":"post-10184","1":"post","2":"type-post","3":"status-publish","4":"format-standard","5":"has-post-thumbnail","7":"category-religija"},"acf":[],"_links":{"self":[{"href":"https:\/\/tvsensor.com\/api\/wp\/v2\/posts\/10184","targetHints":{"allow":["GET"]}}],"collection":[{"href":"https:\/\/tvsensor.com\/api\/wp\/v2\/posts"}],"about":[{"href":"https:\/\/tvsensor.com\/api\/wp\/v2\/types\/post"}],"author":[{"embeddable":true,"href":"https:\/\/tvsensor.com\/api\/wp\/v2\/users\/59"}],"replies":[{"embeddable":true,"href":"https:\/\/tvsensor.com\/api\/wp\/v2\/comments?post=10184"}],"version-history":[{"count":1,"href":"https:\/\/tvsensor.com\/api\/wp\/v2\/posts\/10184\/revisions"}],"predecessor-version":[{"id":10192,"href":"https:\/\/tvsensor.com\/api\/wp\/v2\/posts\/10184\/revisions\/10192"}],"wp:featuredmedia":[{"embeddable":true,"href":"https:\/\/tvsensor.com\/api\/wp\/v2\/media\/10191"}],"wp:attachment":[{"href":"https:\/\/tvsensor.com\/api\/wp\/v2\/media?parent=10184"}],"wp:term":[{"taxonomy":"category","embeddable":true,"href":"https:\/\/tvsensor.com\/api\/wp\/v2\/categories?post=10184"},{"taxonomy":"post_tag","embeddable":true,"href":"https:\/\/tvsensor.com\/api\/wp\/v2\/tags?post=10184"}],"curies":[{"name":"wp","href":"https:\/\/api.w.org\/{rel}","templated":true}]}}