{"id":10183,"date":"2019-06-01T14:30:41","date_gmt":"2019-06-01T14:30:41","guid":{"rendered":"https:\/\/senzor.ba\/?p=10183"},"modified":"2024-01-15T21:47:19","modified_gmt":"2024-01-15T20:47:19","slug":"rjesenje-u-paketu-ubija-stimulaciju-ka-evropskom-putu-bih-je-posebna-prica-jer-drzava-prakticki-ne-funkcionira","status":"publish","type":"post","link":"https:\/\/tvsensor.com\/clanak\/rjesenje-u-paketu-ubija-stimulaciju-ka-evropskom-putu-bih-je-posebna-prica-jer-drzava-prakticki-ne-funkcionira\/","title":{"rendered":"Rje\u0161enje &#8216;u paketu&#8217; ubija stimulaciju ka evropskom putu&#8230; BiH je posebna pri\u010da, jer dr\u017eava, prakti\u010dki, ne funkcionira&#8230;"},"content":{"rendered":"<p><span class=\"articleIntro\">Za odnose Slovenije i Bosne i Hercegovine smatra da su dobri, sa puno prostora za unapre\u0111enje, ali isti\u010de dvije gre\u0161ke kao velike hipoteke u me\u0111usobnim odnosima<\/span><\/p>\n<div class=\"articleContent\">\n<p>Jugoisto\u010dna Evropa u cjelini je neuralgi\u010dna ta\u010dka Evrope u pogledu stabilnosti, mira, bezbjednosti i daljnjeg prosperiteta te uklju\u010divanja Evrope u geopoliti\u010dke procese koji danas, o\u010dito, intenzivno traju u svijetu.<\/p>\n<p>To je za Fenu izjavio biv\u0161i predsjednik Slovenije <strong>Milan Ku\u010dan<\/strong>\u00a0i dodao da se evropska zajednica, po njegovom mi\u0161ljenju, nije dosad dovoljno ozbiljno bavila tim pitanjem.<\/p>\n<p>&#8211;\u00a0 Mislim da nije i da bi trebalo pogledati svaku zemlju (jugoisto\u010dne Evrope) zasebno, koja jo\u0161 nije \u010dlanica Evropske unije, a nalazi se na tom prostoru: pogledati u kojim uslovima \u017eivi, koliko je daleko odmakla ili udaljena od ispunjavanja uslova za Evropsku uniju, pa biti svjestan da su to ipak &#8216;vezane posude&#8217;, ali i svjestan \u010dinjenice da je ispunjavanje uslova i odre\u0111ivanje nekog roka, datuma, velika stimulacija za unutra\u0161nje politi\u010dke, privredne i socijalne napore kako bi \u0161to prije uslovi bili ispunjeni. Ovako, koliko sad razumijem stvari, mislim da paketno rje\u0161avanje \u010ditavog problema ba\u0161 ubija tu stimulaciju &#8211; kazao je Ku\u010dan.<\/p>\n<p>Po njegovom mi\u0161ljenju, nije dovoljno samo iz Brisela re\u0107i kako podr\u017eava pridru\u017eivanje ovog prostora nego se treba konkretno anga\u017eovati u svakoj zemlji, konkretno u odnosu na njene prilike.<\/p>\n<p>&#8211; Tu je posebna pri\u010da Bosna i Hercegovina, zemlja koja kao dr\u017eava ipak, prakti\u010dki, ne funkcionira i mislim da bi se prvo trebalo zalagati da se osposobi kao dr\u017eava, a drugo, da \u0161to prije nadoknadi zaostatak za drugim zemljama i mo\u017eda ih \u010dak pretekne jer ima puno potencijala &#8211; ljudskih, materijalnih i drugih &#8211; istakao je Ku\u010dan.<\/p>\n<p>Smatra da rje\u0161enje balkanskog pitanja jeste u pridru\u017eivanju Evropskoj uniji, ali i da Evropska unija mora biti svjesna toga i vlastitih unutra\u0161njih slabosti jer formula pro\u0161irenje-produbljenje mora funkcionirati.<\/p>\n<p>&#8211; Dakle, pro\u0161irenje bez produbljivanja odnosa i rje\u0161avanja nekih unutra\u0161njih slabosti Evropske unije, samo je dono\u0161enje novih problema u EU i mislim da to nije ba\u0161 pravi put &#8211; ocijenio je.<\/p>\n<p>Za odnose Slovenije i Bosne i Hercegovine smatra da su dobri, sa puno prostora za unapre\u0111enje, ali isti\u010de dvije gre\u0161ke kao velike hipoteke u me\u0111usobnim odnosima.<\/p>\n<p>&#8211; Mi smo napravili veliku gre\u0161ku &#8216;izbrisom&#8217;, znate da smo ljudima jednim birokratskim aktom oduzeli ustvari pravo da, takore\u0107i, budu subjekt i dr\u017eave i dru\u0161tva. Trebalo je odre\u0111eno vrijeme da budemo svjesni te gre\u0161ke i sada je poku\u0161avamo nekako popraviti. Druga gre\u0161ka je pitanje Ljubljanske banke i \u0161tedi\u0161a. To su dvije hipoteke u na\u0161im odnosima, ali mislim da je zna\u010dajno \u0161to smo svjesni velikih gre\u0161aka i da ih poku\u0161avamo popraviti. To se bez saradnje s dr\u017eavom Bosnom i Hercegovinom ne mo\u017ee &#8211; zaklju\u010dio je Milan Ku\u010dan u razgovoru za Fenu.<\/p>\n<p><iframe loading=\"lazy\" title=\"Ku\u010dan: Rje\u0161enje &#039;u paketu&#039; ubija stimulaciju ka evropskom putu\" width=\"696\" height=\"392\" src=\"https:\/\/www.youtube.com\/embed\/xuZjzGE0IPs?feature=oembed\" frameborder=\"0\" allow=\"accelerometer; autoplay; clipboard-write; encrypted-media; gyroscope; picture-in-picture\" allowfullscreen><\/iframe><\/p>\n<\/div>\n","protected":false},"excerpt":{"rendered":"<p>Za odnose Slovenije i Bosne i Hercegovine smatra da su dobri, sa puno prostora za unapre\u0111enje, ali isti\u010de dvije gre\u0161ke kao velike hipoteke u me\u0111usobnim odnosima Jugoisto\u010dna Evropa u cjelini je neuralgi\u010dna ta\u010dka Evrope u pogledu stabilnosti, mira, bezbjednosti i daljnjeg prosperiteta te uklju\u010divanja Evrope u geopoliti\u010dke procese koji danas, o\u010dito, intenzivno traju u svijetu. [&hellip;]<\/p>\n","protected":false},"author":59,"featured_media":10187,"comment_status":"open","ping_status":"closed","sticky":false,"template":"","format":"standard","meta":{"inline_featured_image":false,"footnotes":""},"categories":[234],"tags":[],"class_list":{"0":"post-10183","1":"post","2":"type-post","3":"status-publish","4":"format-standard","5":"has-post-thumbnail","7":"category-politika"},"acf":[],"_links":{"self":[{"href":"https:\/\/tvsensor.com\/api\/wp\/v2\/posts\/10183","targetHints":{"allow":["GET"]}}],"collection":[{"href":"https:\/\/tvsensor.com\/api\/wp\/v2\/posts"}],"about":[{"href":"https:\/\/tvsensor.com\/api\/wp\/v2\/types\/post"}],"author":[{"embeddable":true,"href":"https:\/\/tvsensor.com\/api\/wp\/v2\/users\/59"}],"replies":[{"embeddable":true,"href":"https:\/\/tvsensor.com\/api\/wp\/v2\/comments?post=10183"}],"version-history":[{"count":1,"href":"https:\/\/tvsensor.com\/api\/wp\/v2\/posts\/10183\/revisions"}],"predecessor-version":[{"id":10189,"href":"https:\/\/tvsensor.com\/api\/wp\/v2\/posts\/10183\/revisions\/10189"}],"wp:featuredmedia":[{"embeddable":true,"href":"https:\/\/tvsensor.com\/api\/wp\/v2\/media\/10187"}],"wp:attachment":[{"href":"https:\/\/tvsensor.com\/api\/wp\/v2\/media?parent=10183"}],"wp:term":[{"taxonomy":"category","embeddable":true,"href":"https:\/\/tvsensor.com\/api\/wp\/v2\/categories?post=10183"},{"taxonomy":"post_tag","embeddable":true,"href":"https:\/\/tvsensor.com\/api\/wp\/v2\/tags?post=10183"}],"curies":[{"name":"wp","href":"https:\/\/api.w.org\/{rel}","templated":true}]}}