{"id":10180,"date":"2019-06-01T14:27:46","date_gmt":"2019-06-01T14:27:46","guid":{"rendered":"https:\/\/senzor.ba\/?p=10180"},"modified":"2024-01-15T21:47:19","modified_gmt":"2024-01-15T20:47:19","slug":"u-bileci-otkriven-spomenik-cetnickom-generalu-drazi-mihailovicu","status":"publish","type":"post","link":"https:\/\/tvsensor.com\/clanak\/u-bileci-otkriven-spomenik-cetnickom-generalu-drazi-mihailovicu\/","title":{"rendered":"U Bile\u0107i otkriven spomenik \u010detni\u010dkom generalu Dra\u017ei Mihailovi\u0107u"},"content":{"rendered":"<p class=\"story-lead\">U Bile\u0107i je danas otkriven spomenik generalu Dragoljubu Dra\u017ei Mihailovi\u0107u, \u010diji su \u010detnici po\u010dinili te\u0161ke zlo\u010dine nad Hrvatima i muslimanima u Drugom svjetskom ratu.<\/p>\n<p>Komunisti\u010dke vlasti su ga 1946. godine zbog saradnje s okupatorima i ratnih zlo\u010dina osudile i strijeljale, a 2015. je presudom Vi\u0161eg suda u Beogradu slu\u017ebeno rehabilitiran.<\/p>\n<p>Spomenik Dragoljubu Mihailovi\u0107u ra\u0111en je iz jednog komada, visok je oko tri i po metra i djelo vajara Milivoja Boki\u0107a.<\/p>\n","protected":false},"excerpt":{"rendered":"<p>U Bile\u0107i je danas otkriven spomenik generalu Dragoljubu Dra\u017ei Mihailovi\u0107u, \u010diji su \u010detnici po\u010dinili te\u0161ke zlo\u010dine nad Hrvatima i muslimanima u Drugom svjetskom ratu. Komunisti\u010dke vlasti su ga 1946. godine zbog saradnje s okupatorima i ratnih zlo\u010dina osudile i strijeljale, a 2015. je presudom Vi\u0161eg suda u Beogradu slu\u017ebeno rehabilitiran. Spomenik Dragoljubu Mihailovi\u0107u ra\u0111en je [&hellip;]<\/p>\n","protected":false},"author":59,"featured_media":10181,"comment_status":"open","ping_status":"closed","sticky":false,"template":"","format":"standard","meta":{"inline_featured_image":false,"footnotes":""},"categories":[38],"tags":[],"class_list":{"0":"post-10180","1":"post","2":"type-post","3":"status-publish","4":"format-standard","5":"has-post-thumbnail","7":"category-vijesti-iz-bih"},"acf":[],"_links":{"self":[{"href":"https:\/\/tvsensor.com\/api\/wp\/v2\/posts\/10180","targetHints":{"allow":["GET"]}}],"collection":[{"href":"https:\/\/tvsensor.com\/api\/wp\/v2\/posts"}],"about":[{"href":"https:\/\/tvsensor.com\/api\/wp\/v2\/types\/post"}],"author":[{"embeddable":true,"href":"https:\/\/tvsensor.com\/api\/wp\/v2\/users\/59"}],"replies":[{"embeddable":true,"href":"https:\/\/tvsensor.com\/api\/wp\/v2\/comments?post=10180"}],"version-history":[{"count":1,"href":"https:\/\/tvsensor.com\/api\/wp\/v2\/posts\/10180\/revisions"}],"predecessor-version":[{"id":10185,"href":"https:\/\/tvsensor.com\/api\/wp\/v2\/posts\/10180\/revisions\/10185"}],"wp:featuredmedia":[{"embeddable":true,"href":"https:\/\/tvsensor.com\/api\/wp\/v2\/media\/10181"}],"wp:attachment":[{"href":"https:\/\/tvsensor.com\/api\/wp\/v2\/media?parent=10180"}],"wp:term":[{"taxonomy":"category","embeddable":true,"href":"https:\/\/tvsensor.com\/api\/wp\/v2\/categories?post=10180"},{"taxonomy":"post_tag","embeddable":true,"href":"https:\/\/tvsensor.com\/api\/wp\/v2\/tags?post=10180"}],"curies":[{"name":"wp","href":"https:\/\/api.w.org\/{rel}","templated":true}]}}