{"id":10174,"date":"2019-05-31T12:39:39","date_gmt":"2019-05-31T12:39:39","guid":{"rendered":"https:\/\/senzor.ba\/?p=10174"},"modified":"2024-01-15T21:47:20","modified_gmt":"2024-01-15T20:47:20","slug":"sky-sport-italia-tvrdi-dzeko-prelazi-u-inter-transfer-je-gotov","status":"publish","type":"post","link":"https:\/\/tvsensor.com\/clanak\/sky-sport-italia-tvrdi-dzeko-prelazi-u-inter-transfer-je-gotov\/","title":{"rendered":"Sky Sport Italia tvrdi: D\u017eeko prelazi u Inter, transfer je gotov"},"content":{"rendered":"<p>D\u017eeko se navodno danas nalazi u Milanu gdje obavlja posljednje pregovore s \u010delnicima Intera pred potpis ugovora, a zbog toga \u0107e i kasniti na pripreme reprezentacije koje su zakazane za 12.00 sati na Ilid\u017ei.<\/p>\n<p>Naravno, ove informacija automatski zna\u010de da bi prvi napada\u010d Intera Mauro Icardi trebao napustiti klub.<\/p>\n<p>Nakon informacija oglasila se i supruga Icardija Wanda Nara koja ka\u017ee kako \u0107e njen suprug ostati u Interu sigurno i sljede\u0107e sezone.<\/p>\n<p>&#8220;On (Icardi) ima ugovor sa Interom jo\u0161 dvije godine. Namjerava ostati u klubu jo\u0161 barem jednu sezonu&#8221;, kazala je Wanda u razgovoru za TyC Sport.<\/p>\n<p>Podsjetimo, Icardi je u pro\u0161loj sezoni imao velikih problema sa upravom Intera, navija\u010dima i trenerom Spallettijem. Ipak, stvari su se koliko toliko ispravile pred kraj sezone i za sada je njegova budu\u0107nost nepoznanica.<\/p>\n<p>Ipak, za vjerovati je da \u0107e, D\u017eekinim dolaskom, Icardi napustiti klub.<\/p>\n<blockquote class=\"twitter-tweet\" data-width=\"550\" data-dnt=\"true\">\n<p lang=\"en\" dir=\"ltr\">Sky Sport Italia claim <a href=\"https:\/\/twitter.com\/hashtag\/ASRoma?src=hash&amp;ref_src=twsrc%5Etfw\">#ASRoma<\/a> striker Edin Dzeko has agreed terms for a transfer to <a href=\"https:\/\/twitter.com\/hashtag\/Inter?src=hash&amp;ref_src=twsrc%5Etfw\">#Inter<\/a> , where he\u2019ll reunite with Radja Nainggolan <a href=\"https:\/\/t.co\/cb1bsYosTA\">https:\/\/t.co\/cb1bsYosTA<\/a> <a href=\"https:\/\/twitter.com\/hashtag\/FCIM?src=hash&amp;ref_src=twsrc%5Etfw\">#FCIM<\/a> <a href=\"https:\/\/twitter.com\/hashtag\/SerieA?src=hash&amp;ref_src=twsrc%5Etfw\">#SerieA<\/a> <a href=\"https:\/\/t.co\/ScxT5X56wW\">pic.twitter.com\/ScxT5X56wW<\/a><\/p>\n<p>&mdash; footballitalia (@footballitalia) <a href=\"https:\/\/twitter.com\/footballitalia\/status\/1132302979858673664?ref_src=twsrc%5Etfw\">May 25, 2019<\/a><\/p><\/blockquote>\n<p><script async src=\"https:\/\/platform.twitter.com\/widgets.js\" charset=\"utf-8\"><\/script><\/p>\n<p><strong>D\u017eeko kasni na pripreme reprezentacije, nalazi se u Milanu i zavr\u0161ava transfer<\/strong><\/p>\n<p>Prva zvijezda reprezentacije Bosne i Hercegovine Edin D\u017eeko kasnit \u0107e na dana\u0161nje okupljanje na\u0161eg dr\u017eavnog tima.<\/p>\n<p>Podsjetimo, selektor Robert Prosine\u010dki \u0107e okupiti Zmajeve danas u 12.00 sati na Ilid\u017ei, a jedan od onih koji sigurno ne\u0107e do\u0107i u tom terminu je Edin D\u017eeko.<\/p>\n<div class=\"ad-in-text-label ad-intext-paragraf\">\u00a0Jedan od najboljih napada\u010da Serije A bi, prema navodima italijanskih medija, mogao sti\u0107i tek sutra u Sarajevo, a razlog je svima ve\u0107 dobro poznat.<\/div>\n<p>Kako prenose mediji sa \u010cizme, Dijamant se danas nalazi u Milanu gdje je na zavr\u0161nim pregovorima sa \u010delnicima Intera. Nerazzurri su jutros ozvani\u010dili saradnju sa novim trenerom Antoniom Conteom, a mediji prenose kako \u0107e vrlo brzo isto u\u010diniti i sa D\u017eekom.<\/p>\n<p>Dijamant danas dogovara posljednje detalje ugovora, a isti bi trebao izgledati ovako: Potpis na tri sezone, \u010detiri i pol miliona godi\u0161nje plus bonusi.<\/p>\n<p>Kako prenose pomenuti izvori, Roma bi na ime obe\u0161te\u0107enja mogla dobiti izme\u0111u 15 i 20 miliona eura. Tako\u0111er, prenosi se i to da su Nerazzurri zainteresovani da po\u010dnu pregovore sa mladom zvijezdom Rome Nicolom Zaniolom.<\/p>\n<p>Ina\u010de, D\u017eeko iza sebe ima golgeterski jednu od lo\u0161ijih sezona u karijeri. U Seriji A je postigao samo devet golova, dok je u Ligi prvaka dodao jo\u0161 pet.<\/p>\n","protected":false},"excerpt":{"rendered":"<p>D\u017eeko se navodno danas nalazi u Milanu gdje obavlja posljednje pregovore s \u010delnicima Intera pred potpis ugovora, a zbog toga \u0107e i kasniti na pripreme reprezentacije koje su zakazane za 12.00 sati na Ilid\u017ei. Naravno, ove informacija automatski zna\u010de da bi prvi napada\u010d Intera Mauro Icardi trebao napustiti klub. Nakon informacija oglasila se i supruga [&hellip;]<\/p>\n","protected":false},"author":59,"featured_media":10176,"comment_status":"open","ping_status":"closed","sticky":false,"template":"","format":"standard","meta":{"inline_featured_image":false,"footnotes":""},"categories":[62],"tags":[],"class_list":{"0":"post-10174","1":"post","2":"type-post","3":"status-publish","4":"format-standard","5":"has-post-thumbnail","7":"category-nogomet"},"acf":[],"_links":{"self":[{"href":"https:\/\/tvsensor.com\/api\/wp\/v2\/posts\/10174","targetHints":{"allow":["GET"]}}],"collection":[{"href":"https:\/\/tvsensor.com\/api\/wp\/v2\/posts"}],"about":[{"href":"https:\/\/tvsensor.com\/api\/wp\/v2\/types\/post"}],"author":[{"embeddable":true,"href":"https:\/\/tvsensor.com\/api\/wp\/v2\/users\/59"}],"replies":[{"embeddable":true,"href":"https:\/\/tvsensor.com\/api\/wp\/v2\/comments?post=10174"}],"version-history":[{"count":2,"href":"https:\/\/tvsensor.com\/api\/wp\/v2\/posts\/10174\/revisions"}],"predecessor-version":[{"id":10179,"href":"https:\/\/tvsensor.com\/api\/wp\/v2\/posts\/10174\/revisions\/10179"}],"wp:featuredmedia":[{"embeddable":true,"href":"https:\/\/tvsensor.com\/api\/wp\/v2\/media\/10176"}],"wp:attachment":[{"href":"https:\/\/tvsensor.com\/api\/wp\/v2\/media?parent=10174"}],"wp:term":[{"taxonomy":"category","embeddable":true,"href":"https:\/\/tvsensor.com\/api\/wp\/v2\/categories?post=10174"},{"taxonomy":"post_tag","embeddable":true,"href":"https:\/\/tvsensor.com\/api\/wp\/v2\/tags?post=10174"}],"curies":[{"name":"wp","href":"https:\/\/api.w.org\/{rel}","templated":true}]}}