{"id":10173,"date":"2019-05-31T12:37:57","date_gmt":"2019-05-31T12:37:57","guid":{"rendered":"https:\/\/senzor.ba\/?p=10173"},"modified":"2024-01-15T21:47:20","modified_gmt":"2024-01-15T20:47:20","slug":"ekskluzivno-poslusajte-novu-ilahiju-posvecenu-zrtvama-prijedora-bijele-trake-video","status":"publish","type":"post","link":"https:\/\/tvsensor.com\/clanak\/ekskluzivno-poslusajte-novu-ilahiju-posvecenu-zrtvama-prijedora-bijele-trake-video\/","title":{"rendered":"Ekskluzivno: Poslu\u0161ajte novu ilahiju posve\u0107enu \u017ertvama Prijedora \u201eBijele trake\u201c (VIDEO)"},"content":{"rendered":"<p>Poslu\u0161ajte i pogledajte prelijepu ilahiju u izvedbi hora &#8220;Rejjan&#8221;, a koju vam Face portal i televizija ekskluzivno objavljuju.<\/p>\n<p>Promocija spota &#8220;Bijele trake&#8221; odr\u017eat \u0107e se pod visokim pokroviteljstvom Ramiza Sakli\u0107a, potpredsjednika bh. entiteta RS.<\/p>\n<p>Grupa &#8220;Rejjan&#8221; je osnovana u ljeto 2006. godine, na incijativu grupe mladih studenata, koji su svoju posve\u0107enost prema \u010distoj vjeri Islamu, svoju iskrenu ljubav prema Uzvi\u0161enom Allahu d\u017e.\u0161 i plemenitom Poslaniku s.a.w.s. odlu\u010dili preto\u010diti u rije\u010di, stihove, tonove i melodije. Kao i svaki, i njihov po\u010detak je bio te\u017eak, po\u010detak pun odricanja, truda i rada. Ali, velika ljubav i sloga izme\u0111u njih, snaga volje, naporan rad i Allahov rahmet dali su im vjetar u le\u0111a.<\/p>\n<p>Danas grupa sa\u010dinjava jedanaest mu\u0161kih \u010dlanova, studenata Univerziteta u Sarajevu, iz mnogih krajeva Bosne i Hercegovine, Slovenije i Makedonije. Ve\u0107ina od njih su svr\u0161enici medresa. Izvode ilahije i kaside na bosanskom, turskom, arapskom, albanskom i engleskom jeziku. Nakon samo godinu dana rada, prepoznaje se veliki talenat i kapacitet tima koji sara\u0111uje. Ubrzo grupa&#8221;Rejjan&#8221; snima prvi album pod nazivom&#8221; Ya Resulallah&#8221;.<\/p>\n<p><iframe loading=\"lazy\" title=\"BIJELE TRAKE \/ GRUPA REJJAN \/ Official video 2019.\" width=\"696\" height=\"392\" src=\"https:\/\/www.youtube.com\/embed\/aTFjIhJJaV4?feature=oembed\" frameborder=\"0\" allow=\"accelerometer; autoplay; clipboard-write; encrypted-media; gyroscope; picture-in-picture\" allowfullscreen><\/iframe><\/p>\n","protected":false},"excerpt":{"rendered":"<p>Poslu\u0161ajte i pogledajte prelijepu ilahiju u izvedbi hora &#8220;Rejjan&#8221;, a koju vam Face portal i televizija ekskluzivno objavljuju. Promocija spota &#8220;Bijele trake&#8221; odr\u017eat \u0107e se pod visokim pokroviteljstvom Ramiza Sakli\u0107a, potpredsjednika bh. entiteta RS. Grupa &#8220;Rejjan&#8221; je osnovana u ljeto 2006. godine, na incijativu grupe mladih studenata, koji su svoju posve\u0107enost prema \u010distoj vjeri Islamu, [&hellip;]<\/p>\n","protected":false},"author":59,"featured_media":10175,"comment_status":"open","ping_status":"closed","sticky":false,"template":"","format":"standard","meta":{"inline_featured_image":false,"footnotes":""},"categories":[58],"tags":[],"class_list":{"0":"post-10173","1":"post","2":"type-post","3":"status-publish","4":"format-standard","5":"has-post-thumbnail","7":"category-muzika-magazin"},"acf":[],"_links":{"self":[{"href":"https:\/\/tvsensor.com\/api\/wp\/v2\/posts\/10173","targetHints":{"allow":["GET"]}}],"collection":[{"href":"https:\/\/tvsensor.com\/api\/wp\/v2\/posts"}],"about":[{"href":"https:\/\/tvsensor.com\/api\/wp\/v2\/types\/post"}],"author":[{"embeddable":true,"href":"https:\/\/tvsensor.com\/api\/wp\/v2\/users\/59"}],"replies":[{"embeddable":true,"href":"https:\/\/tvsensor.com\/api\/wp\/v2\/comments?post=10173"}],"version-history":[{"count":1,"href":"https:\/\/tvsensor.com\/api\/wp\/v2\/posts\/10173\/revisions"}],"predecessor-version":[{"id":10177,"href":"https:\/\/tvsensor.com\/api\/wp\/v2\/posts\/10173\/revisions\/10177"}],"wp:featuredmedia":[{"embeddable":true,"href":"https:\/\/tvsensor.com\/api\/wp\/v2\/media\/10175"}],"wp:attachment":[{"href":"https:\/\/tvsensor.com\/api\/wp\/v2\/media?parent=10173"}],"wp:term":[{"taxonomy":"category","embeddable":true,"href":"https:\/\/tvsensor.com\/api\/wp\/v2\/categories?post=10173"},{"taxonomy":"post_tag","embeddable":true,"href":"https:\/\/tvsensor.com\/api\/wp\/v2\/tags?post=10173"}],"curies":[{"name":"wp","href":"https:\/\/api.w.org\/{rel}","templated":true}]}}