{"id":10162,"date":"2019-05-31T12:25:34","date_gmt":"2019-05-31T12:25:34","guid":{"rendered":"https:\/\/senzor.ba\/?p=10162"},"modified":"2024-01-15T21:47:20","modified_gmt":"2024-01-15T20:47:20","slug":"clanica-evropskog-parlamenta-ne-dam-na-ustaski-pokret","status":"publish","type":"post","link":"https:\/\/tvsensor.com\/clanak\/clanica-evropskog-parlamenta-ne-dam-na-ustaski-pokret\/","title":{"rendered":"\u010clanica Evropskog parlamenta: Ne dam na usta\u0161ki pokret"},"content":{"rendered":"<p>\u010clanica Evropskog parlamenta iz Hrvatske Ru\u017ea Toma\u0161i\u0107 otkrila je za zagreba\u010dke medije da simpati\u0161e usta\u0161e i usta\u0161ki pokret, kao i da je 80-ih godina pro\u0161log vijeka objavljivala i recitovala pjesme u slavu usta\u0161kog vo\u0111e Ante Paveli\u0107a, prenosi Index<\/p>\n<p>&#8220;Nikad ne bih dala protiv usta\u0161kog pokreta do 1941. i ne odri\u010dem se obi\u010dnih usta\u0161a koji su se borili za Hrvatsku, ali koji nisu \u010dinili zlo\u010dine. Za\u0161to bih ih se odrekla?&#8221; izjavila je Toma\u0161i\u0107 u telefonskom razgovoru za &#8220;Novosti&#8221; iz Zagreba.<\/p>\n<p>Ona je dodala da usta\u0161e treba odvojiti od onoga sto se de\u0161avalo u Nezavisnoj Dr\u017eavi Hrvatskoj tokom Drugog svjetskog rata navode\u0107i da je nakon dosta razgovora i \u010ditanja knjiga shvatila da je &#8220;usta\u0161ki pokret bio odgovor na \u0160estojanuarsku diktaturu&#8221; kralja Aleksandra Kara\u0111or\u0111evi\u0107a.<\/p>\n<p>&#8220;Za vrijeme Drugog svjetskog rata de\u0161avalo se puno zlo\u010dina. Tokom te \u010detiri godine NDH se odvajala od onoga \u0161to je predstavljao usta\u0161ki pokret. Apsolutno treba osuditi one koji su \u010dinili zlo\u010dine na svim stranama, ali ne odri\u010dem se obi\u010dnih usta\u0161a koji su se borili za svoj dom&#8221;, rekla je Toma\u0161i\u0107eva.<\/p>\n<p>Govore\u0107i o Ante Paveli\u0107u, ona je rekla da je on bio narcisoidan i da je puno stvari mogao druga\u010dije da uradi<\/p>\n<p>&#8220;Nije morao imati logore, ali tada je bio rat. Trebalo je \u017eivjeti u tom vremenu&#8221;, dodala je hrvatska evroposlanica.<\/p>\n<p>List otkriva da je Toma\u0161i\u0107 od sredine 1970-ih i preseljenja iz Hrvatske, pa sve do sredine 1980-ih, u usta\u0161koj uniformi po hrvatskim zavi\u010dajnim domovima javno recitovala svoje i tu\u0111e pjesme posve\u0107ene Anti Paveli\u0107u, usta\u0161ama i Nezavisnoj Dr\u017eavi Hrvatskoj, kao i da je pjesme objavljivala u \u010dasopisu Nezavisna Dr\u017eava Hrvatska, koji je vodio Sre\u0107ko P\u0161eni\u010dnik, Paveli\u0107ev zet i prvi \u010dovjek usta\u0161ke organizacije Hrvatski oslobodila\u010dki pokret.<\/p>\n","protected":false},"excerpt":{"rendered":"<p>\u010clanica Evropskog parlamenta iz Hrvatske Ru\u017ea Toma\u0161i\u0107 otkrila je za zagreba\u010dke medije da simpati\u0161e usta\u0161e i usta\u0161ki pokret, kao i da je 80-ih godina pro\u0161log vijeka objavljivala i recitovala pjesme u slavu usta\u0161kog vo\u0111e Ante Paveli\u0107a, prenosi Index &#8220;Nikad ne bih dala protiv usta\u0161kog pokreta do 1941. i ne odri\u010dem se obi\u010dnih usta\u0161a koji su [&hellip;]<\/p>\n","protected":false},"author":59,"featured_media":10165,"comment_status":"open","ping_status":"closed","sticky":false,"template":"","format":"standard","meta":{"inline_featured_image":false,"footnotes":""},"categories":[40],"tags":[],"class_list":{"0":"post-10162","1":"post","2":"type-post","3":"status-publish","4":"format-standard","5":"has-post-thumbnail","7":"category-region"},"acf":[],"_links":{"self":[{"href":"https:\/\/tvsensor.com\/api\/wp\/v2\/posts\/10162","targetHints":{"allow":["GET"]}}],"collection":[{"href":"https:\/\/tvsensor.com\/api\/wp\/v2\/posts"}],"about":[{"href":"https:\/\/tvsensor.com\/api\/wp\/v2\/types\/post"}],"author":[{"embeddable":true,"href":"https:\/\/tvsensor.com\/api\/wp\/v2\/users\/59"}],"replies":[{"embeddable":true,"href":"https:\/\/tvsensor.com\/api\/wp\/v2\/comments?post=10162"}],"version-history":[{"count":1,"href":"https:\/\/tvsensor.com\/api\/wp\/v2\/posts\/10162\/revisions"}],"predecessor-version":[{"id":10166,"href":"https:\/\/tvsensor.com\/api\/wp\/v2\/posts\/10162\/revisions\/10166"}],"wp:featuredmedia":[{"embeddable":true,"href":"https:\/\/tvsensor.com\/api\/wp\/v2\/media\/10165"}],"wp:attachment":[{"href":"https:\/\/tvsensor.com\/api\/wp\/v2\/media?parent=10162"}],"wp:term":[{"taxonomy":"category","embeddable":true,"href":"https:\/\/tvsensor.com\/api\/wp\/v2\/categories?post=10162"},{"taxonomy":"post_tag","embeddable":true,"href":"https:\/\/tvsensor.com\/api\/wp\/v2\/tags?post=10162"}],"curies":[{"name":"wp","href":"https:\/\/api.w.org\/{rel}","templated":true}]}}