{"id":10160,"date":"2019-05-31T12:21:16","date_gmt":"2019-05-31T12:21:16","guid":{"rendered":"https:\/\/senzor.ba\/?p=10160"},"modified":"2024-01-15T21:47:20","modified_gmt":"2024-01-15T20:47:20","slug":"povecanje-cijena-uticalo-na-smanjenje-broja-pusaca-medu-skolskom-djecom","status":"publish","type":"post","link":"https:\/\/tvsensor.com\/clanak\/povecanje-cijena-uticalo-na-smanjenje-broja-pusaca-medu-skolskom-djecom\/","title":{"rendered":"Pove\u0107anje cijena uticalo na smanjenje broja pu\u0161a\u010da me\u0111u \u0161kolskom djecom"},"content":{"rendered":"<p>Pove\u0107anje cijena cigareta uticalo je na smanjenje broja pu\u0161a\u010da me\u0111u \u0161kolskom djecom \u2013 potvrdila je federalna koordinatorica za kontrolu duhana i pomo\u0107nica direktora Zavoda za javno zdravstvo Federacije BiH Aida Rami\u0107-\u010catak danas na skupu \u201cPu\u0161enje i zdravlje plu\u0107a \u2013 aktuelna situacija u FBiH\u201d organiziranom povodom Svjetskog dana bez duhanskog dima.<\/p>\n<p>Zbog dokazanog smanjenja pu\u0161enja navodi da je apsurdno \u0161to je u BiH donesen moratorij na pove\u0107anje cijena cigareta, dok dobra praksa Svjetske zdravstvene organizacije i Svjetske banke ukazuje da pove\u0107anje poreznih akciza ne zna\u010di smanjenje priliva sredstava u bud\u017eete.<\/p>\n<p>Isti\u010de da je individualna odluka svakoga da li \u0107e prestati pu\u0161iti, a ono \u0161to nije individualno je pravo na zdravlje i boravak u prostorima gdje niko nikoga ne smije ugro\u017eavati zbog svoje vlastite ovisnosti.<\/p>\n<p>Pored obaveznih inspekcijskih kontrola, ka\u017ee da je ljekar u timu porodi\u010dne medicine du\u017ean da informi\u0161e i motivira pacijenta o prestanku pu\u0161enja.<\/p>\n<p>Rami\u0107-\u010catak ukazuje da je jedna karika u lancu za\u0161tite zdravlja stanovni\u0161tva od duhanskog dima zakon o kontroli i ograni\u010denoj upotrebi duhana, duhanskih i ostalih proizvoda za pu\u0161enje koji u Federaciji BiH jo\u0161 ne postoji, a \u0161to je obaveza na putu dr\u017eave ka Evropskoj uniji.<\/p>\n<p>U formi prijedloga utvrdila ga je Vlada Federacije BiH, te je upu\u0107en u daljnju proceduru gdje se trenutno \u010deka da ga odobre oba doma Federalnog parlamenta kako bi bilo omogu\u0107eno da po\u010dne njegova primjena.<\/p>\n<p>\u2013 O tom zakonskom rje\u0161enju imali smo \u0161iroku raspravu i u njegovu izradu smo ulo\u017eili dosta vremena. Glavni cilj je za\u0161tita i unapre\u0111enje zdravlja stanovni\u0161tva kroz \u010ditav set mjera koji je u skladu sa Okvirnom konvencijom o kontroli duhana. Zakon predvi\u0111a zabranu pu\u0161enja na javnim i radnim mjestima, javnom prijevozu i automobilima \u2013 rekao je stru\u010dni saradnik za odnose s javno\u0161\u0107u Federalnog ministarstva zdravstva Zlatan Per\u0161i\u0107.<\/p>\n<p>Na skupu je re\u010deno da su prema podacima Zavoda za javno zdravstvo FBiH \u010dak 44 posto stanovni\u0161tva aktivni pu\u0161a\u010di.<\/p>\n<p>\u2013 Oni sve \u010de\u0161\u0107e dolaze u na\u0161e ustanove i ovim prilikom \u017eelimo im naglasiti koliko je pu\u0161enje \u0161tetno i koliko optere\u0107uje na\u0161 zdravstveni sistem. Sve je vi\u0161e onih koji se javljaju zbog karcinoma plu\u0107a, kao i drugih respiratornih i kardiovaskularnih bolesti. Tako\u0111er, zabrinjava nas i pasivno pu\u0161enje te i na to skre\u0107emo pa\u017enju \u2013 rekao je direktor Zavoda za javno zdravstvo FBiH Davor Pehar.<\/p>\n<p>Svake godine se izgubi hiljade \u017eivota, a tri \u010detvrtine uzroka smrti su uzrokovane oboljenjima i stanjima uzrokovanim pu\u0161enjem.<\/p>\n","protected":false},"excerpt":{"rendered":"<p>Pove\u0107anje cijena cigareta uticalo je na smanjenje broja pu\u0161a\u010da me\u0111u \u0161kolskom djecom \u2013 potvrdila je federalna koordinatorica za kontrolu duhana i pomo\u0107nica direktora Zavoda za javno zdravstvo Federacije BiH Aida Rami\u0107-\u010catak danas na skupu \u201cPu\u0161enje i zdravlje plu\u0107a \u2013 aktuelna situacija u FBiH\u201d organiziranom povodom Svjetskog dana bez duhanskog dima. Zbog dokazanog smanjenja pu\u0161enja navodi [&hellip;]<\/p>\n","protected":false},"author":59,"featured_media":10163,"comment_status":"open","ping_status":"closed","sticky":false,"template":"","format":"standard","meta":{"inline_featured_image":false,"footnotes":""},"categories":[43],"tags":[],"class_list":{"0":"post-10160","1":"post","2":"type-post","3":"status-publish","4":"format-standard","5":"has-post-thumbnail","7":"category-bih"},"acf":[],"_links":{"self":[{"href":"https:\/\/tvsensor.com\/api\/wp\/v2\/posts\/10160","targetHints":{"allow":["GET"]}}],"collection":[{"href":"https:\/\/tvsensor.com\/api\/wp\/v2\/posts"}],"about":[{"href":"https:\/\/tvsensor.com\/api\/wp\/v2\/types\/post"}],"author":[{"embeddable":true,"href":"https:\/\/tvsensor.com\/api\/wp\/v2\/users\/59"}],"replies":[{"embeddable":true,"href":"https:\/\/tvsensor.com\/api\/wp\/v2\/comments?post=10160"}],"version-history":[{"count":1,"href":"https:\/\/tvsensor.com\/api\/wp\/v2\/posts\/10160\/revisions"}],"predecessor-version":[{"id":10164,"href":"https:\/\/tvsensor.com\/api\/wp\/v2\/posts\/10160\/revisions\/10164"}],"wp:featuredmedia":[{"embeddable":true,"href":"https:\/\/tvsensor.com\/api\/wp\/v2\/media\/10163"}],"wp:attachment":[{"href":"https:\/\/tvsensor.com\/api\/wp\/v2\/media?parent=10160"}],"wp:term":[{"taxonomy":"category","embeddable":true,"href":"https:\/\/tvsensor.com\/api\/wp\/v2\/categories?post=10160"},{"taxonomy":"post_tag","embeddable":true,"href":"https:\/\/tvsensor.com\/api\/wp\/v2\/tags?post=10160"}],"curies":[{"name":"wp","href":"https:\/\/api.w.org\/{rel}","templated":true}]}}