{"id":10158,"date":"2019-05-31T12:15:53","date_gmt":"2019-05-31T12:15:53","guid":{"rendered":"https:\/\/senzor.ba\/?p=10158"},"modified":"2024-01-15T21:47:20","modified_gmt":"2024-01-15T20:47:20","slug":"muslimani-veceras-obiljezavaju-najodabraniju-noc-u-godini-lejletu-l-kadr","status":"publish","type":"post","link":"https:\/\/tvsensor.com\/clanak\/muslimani-veceras-obiljezavaju-najodabraniju-noc-u-godini-lejletu-l-kadr\/","title":{"rendered":"Muslimani ve\u010deras obilje\u017eavaju najodabraniju no\u0107 u godini Lejletu-l-kadr"},"content":{"rendered":"<div class=\"uvod uvod-clanka hidden-xs\">Muslimani u Bosni i Hercegovini, ali i u svijetu, ve\u010deras obilje\u017eavaju 27. no\u0107 mjeseca ramazana Lejletu-l-kadr, no\u0107 koja je vrednija od hiljadu mjeseci.<\/div>\n<div class=\"tekst clanak_vijesti\">Lejletu-l-kadr je za muslimane najodabranija no\u0107 u godini. To je no\u0107 po\u010detka objave Kur'ana i no\u0107 koja u su\u0161tini nadma\u0161uje granice i mogu\u0107nosti ljudske spoznaje.<\/p>\n<p>Lejletu-l-kadr je no\u0107 sudbine, odluke i odredbe svake. To je no\u0107 odre\u0111enja i utvr\u0111enja svega \u0161to se ima desiti u narednoj godini: ro\u0111enja i smrti, \u017eenidbe i udaje, nafake i plodova, zdravlja i bolesti&#8230; Tu no\u0107 meleki dobijaju naredbu i zadu\u017eenja, od Allaha, d\u017e. \u0161., za realizaciju odredbi i sudbina za narednu godinu.<\/p>\n<p>U svim d\u017eamijama i d\u017eematima u Bosni i Hercegovini \u0107e biti uprili\u010den prigodan program, cjelove\u010dernji ibadet posve\u0107en no\u0107nom namazu, tespih-namazu, u\u010denju Kur\u2018ana, zikru, razmi\u0161ljanju i dovama sve do zore.<\/p>\n<p>Uprava za vjerske poslove obavijestila je vjernike da u povodu nastupanja mubarek no\u0107i Lejletu-l-kadr Rijaset IZ u BiH ve\u010deras organizuje centralnu sve\u010danost prije teravih-namaza u Gazi Husrev-begovoj d\u017eamiji u Sarajevu. Program \u0107e po\u010deti u 21:45. Tom prilikom vrhovni poglavar Islamske zajednice u BiH reisu-l-ulema Husein ef. Kavazovi\u0107 \u0107e uputiti poruku, a program \u0107e izvesti poznati u\u010da\u010di Kur'ana i ilahija.<\/p><\/div>\n","protected":false},"excerpt":{"rendered":"<p>Muslimani u Bosni i Hercegovini, ali i u svijetu, ve\u010deras obilje\u017eavaju 27. no\u0107 mjeseca ramazana Lejletu-l-kadr, no\u0107 koja je vrednija od hiljadu mjeseci. Lejletu-l-kadr je za muslimane najodabranija no\u0107 u godini. To je no\u0107 po\u010detka objave Kur'ana i no\u0107 koja u su\u0161tini nadma\u0161uje granice i mogu\u0107nosti ljudske spoznaje. Lejletu-l-kadr je no\u0107 sudbine, odluke i odredbe [&hellip;]<\/p>\n","protected":false},"author":59,"featured_media":10159,"comment_status":"open","ping_status":"closed","sticky":false,"template":"","format":"standard","meta":{"inline_featured_image":false,"footnotes":""},"categories":[57],"tags":[],"class_list":{"0":"post-10158","1":"post","2":"type-post","3":"status-publish","4":"format-standard","5":"has-post-thumbnail","7":"category-religija"},"acf":[],"_links":{"self":[{"href":"https:\/\/tvsensor.com\/api\/wp\/v2\/posts\/10158","targetHints":{"allow":["GET"]}}],"collection":[{"href":"https:\/\/tvsensor.com\/api\/wp\/v2\/posts"}],"about":[{"href":"https:\/\/tvsensor.com\/api\/wp\/v2\/types\/post"}],"author":[{"embeddable":true,"href":"https:\/\/tvsensor.com\/api\/wp\/v2\/users\/59"}],"replies":[{"embeddable":true,"href":"https:\/\/tvsensor.com\/api\/wp\/v2\/comments?post=10158"}],"version-history":[{"count":1,"href":"https:\/\/tvsensor.com\/api\/wp\/v2\/posts\/10158\/revisions"}],"predecessor-version":[{"id":10161,"href":"https:\/\/tvsensor.com\/api\/wp\/v2\/posts\/10158\/revisions\/10161"}],"wp:featuredmedia":[{"embeddable":true,"href":"https:\/\/tvsensor.com\/api\/wp\/v2\/media\/10159"}],"wp:attachment":[{"href":"https:\/\/tvsensor.com\/api\/wp\/v2\/media?parent=10158"}],"wp:term":[{"taxonomy":"category","embeddable":true,"href":"https:\/\/tvsensor.com\/api\/wp\/v2\/categories?post=10158"},{"taxonomy":"post_tag","embeddable":true,"href":"https:\/\/tvsensor.com\/api\/wp\/v2\/tags?post=10158"}],"curies":[{"name":"wp","href":"https:\/\/api.w.org\/{rel}","templated":true}]}}