{"id":10107,"date":"2019-05-29T13:31:50","date_gmt":"2019-05-29T13:31:50","guid":{"rendered":"https:\/\/senzor.ba\/?p=10107"},"modified":"2024-01-15T21:47:22","modified_gmt":"2024-01-15T20:47:22","slug":"poticaji-za-zaposljavanje-osoba-sa-invaliditetom-i-ove-godine-podrzane-firme-nedzada-ajnadzica-i-brata-irfana-cengica","status":"publish","type":"post","link":"https:\/\/tvsensor.com\/clanak\/poticaji-za-zaposljavanje-osoba-sa-invaliditetom-i-ove-godine-podrzane-firme-nedzada-ajnadzica-i-brata-irfana-cengica\/","title":{"rendered":"POTICAJI ZA ZAPO\u0160LJAVANJE OSOBA SA INVALIDITETOM: I ove godine podr\u017eane firme Ned\u017eada Ajnad\u017ei\u0107a i brata Irfana \u010cengi\u0107a"},"content":{"rendered":"<p>Upravni odbor Fonda za profesionalnu rehabilitaciju i zapo\u0161ljavanje osoba sa invaliditetom proteklih mjeseci vrijedno je radio. Nakon burne\u00a0<a title=\"\" href=\"https:\/\/zurnal.info\/novost\/21972\/za-novi-konkurs-direktor-ahmet-baljic-prilozio-potvrdu-o-invaliditetu\">korespodencije sa federalnim ministrom rada i socijalne politike Veskom Drlja\u010dom<\/a>\u00a0kona\u010dno su uspjeli da zavr\u0161e konkursnu proceduru za imenovanje novog starog direktora. Efikasni Upravni odbor u jednom danu uspio je zaposliti starog direktora i\u00a0<a title=\"\" href=\"https:\/\/zurnal.info\/novost\/21982\/naplacivao-troskove-za-gorivo-ukradenog-vozila\">imenovati novog v.d. direktora<\/a>. Zbog neefikasnosti Vlade FBiH imenovanje novog starog direktora morat \u0107e pri\u010dekati. Da ne bi \u010dekali Upravni odbor, mjesec dana nakon imenovanja Vinka Jerini\u0107a za v.d. direktora, odlu\u010dio je da je ipak pravi \u010dovjek za taj posao stari<a title=\"\" href=\"https:\/\/zurnal.info\/novost\/22059\/ahmet-baljic-imenovan-za-v.d.-direktora-fonda\">\u00a0direktor Ahmet Balji\u0107<\/a>.<\/p>\n<p>Nakon \u0161to su kona\u010dno zavr\u0161ili pitanje direktora Fonda, odlu\u010dili su da je vrijeme da se podijeli novac za ovogodi\u0161nje poticaje za zapo\u0161ljavanje osoba sa invaliditetom.<\/p>\n<p>Upravni odbor i ove, kao i prethodnih godina, ostao je dosljedan. Ponovo\u00a0 su bili dare\u017eljivi prema strana\u010dkim kolegama direktora Fonda. Firma Ajnex u vlasni\u0161tvu na\u010delnika Op\u0107ine Centar\u00a0<strong>Ned\u017eada Ajnad\u017ei\u0107a<\/strong>\u00a0do sada je od Fonda dobila vi\u0161e od\u00a0<strong>100.000 KM<\/strong>, uglavnom za kupovinu papira. I ove godine Ajnex je nabavljao papir. Za kupovinu papira za proizvodnju salveta i ubrusa dobili su<strong>\u00a021.063,19 KM<\/strong>.<\/p>\n<p>Iz Fonda nisu zaboravili ni firmu<strong>\u00a0CHB<\/strong>\u00a0u vlasni\u0161tvu\u00a0<strong>Tarika \u010cengi\u0107a<\/strong>, brata generalnog sekretara SDP-a Irfana \u010cengi\u0107a. Prethodnih godina ova firma dobila je oko\u00a0<strong>250 hiljada maraka<\/strong>\u00a0poticaja od Fonda. Podsjetimo da je tada jedan od \u010dlanova komisije za dodjelu sredstava bio\u00a0 Nerin Dizdar, \u010dlan Glavnog odbora SDP-a, zaposlenik i zapisni\u010dar Fonda.<\/p>\n<p>I ove godine Fond je podr\u017eao rad CHB-a. Red je bio jer je ova firma nakon pokretanja salona za ljepotu, rent a car-a i agencije za brendiranje pro\u0161irila posao. Otvorili su kafi\u0107\/restoran. Simboli\u010dnog naziva \u201eMu\u0107ke\u201c. Kako je drugu godinu poslovanja prihod CHB-a pre\u0161ao cifru od 400.000 KM mo\u017eda do kraja ove godine dostignu milion. U me\u0111uvremenu, od Fonda su\u00a0 dobili\u00a0<strong>6.100 KM<\/strong>\u00a0za kupovinu automobila za novi kafi\u0107. Pored novca za kupovinu automobila dobili su\u00a0<strong>9.415,60 KM<\/strong>\u00a0za kupovinu repromaterijala za kafi\u0107 i\u00a0<strong>11.550 KM<\/strong>\u00a0za zapo\u0161ljavanje jednog radnika.<\/p>\n<p>Iz Fonda nisu zaboravili ni mladu firmu\u00a0<strong>X Adventures<\/strong>\u00a0iz Mostara. Podsjetimo da je pro\u0161le godine ubrzo nakon osnivanja ova firma od Fonda dobila vi\u0161e od\u00a0<strong>60 hiljada maraka<\/strong>\u00a0poticaja. Direktor firme i tada a i sada je momak potpredsjednice SDP-a\u00a0<strong>Lane Prli\u0107<\/strong>. Ove godine od Fonda su dobili 31.500 KM za zapo\u0161ljavanje dva radnika.<\/p>\n<p>Firma\u00a0<strong>Mil Company<\/strong>\u00a0u vlasni\u0161tvu SDP-ovca\u00a0<strong>Luke Ragu\u017ea<\/strong>\u00a0pro\u0161le godine dobila je vi\u0161e od<strong>\u00a070 hiljada maraka<\/strong>\u00a0poticaja od Fonda. Novac su tada dobili za kupovinu automobila i opreme. Ove godine novac su dobili samo\u00a0 za kupovinu opreme-23.169,50 KM.<\/p>\n<p>Firma\u00a0<strong>Poslovno savjetovanje<\/strong>\u00a0iz Prozora prethodnih godina od Fonda je dobila skoro 60 hiljada maraka poticaja. Vlasnik firme je Vahida D\u017eelilovi\u0107. Prema sudskom registru prokurista u ovoj firmi je\u00a0<strong>Enes D\u017eelilovi\u0107<\/strong>, kadar SDA.\u00a0 Ove godine od Fonda su dobili\u00a0<strong>25 hiljada maraka<\/strong>\u00a0za zapo\u0161ljavanje dvije osobe sa invaliditetom.<\/p>\n<p>(zurnal.info)<\/p>\n","protected":false},"excerpt":{"rendered":"<p>Upravni odbor Fonda za profesionalnu rehabilitaciju i zapo\u0161ljavanje osoba sa invaliditetom proteklih mjeseci vrijedno je radio. Nakon burne\u00a0korespodencije sa federalnim ministrom rada i socijalne politike Veskom Drlja\u010dom\u00a0kona\u010dno su uspjeli da zavr\u0161e konkursnu proceduru za imenovanje novog starog direktora. Efikasni Upravni odbor u jednom danu uspio je zaposliti starog direktora i\u00a0imenovati novog v.d. direktora. Zbog neefikasnosti [&hellip;]<\/p>\n","protected":false},"author":59,"featured_media":10108,"comment_status":"open","ping_status":"closed","sticky":false,"template":"","format":"standard","meta":{"inline_featured_image":false,"footnotes":""},"categories":[38],"tags":[],"class_list":{"0":"post-10107","1":"post","2":"type-post","3":"status-publish","4":"format-standard","5":"has-post-thumbnail","7":"category-vijesti-iz-bih"},"acf":[],"_links":{"self":[{"href":"https:\/\/tvsensor.com\/api\/wp\/v2\/posts\/10107","targetHints":{"allow":["GET"]}}],"collection":[{"href":"https:\/\/tvsensor.com\/api\/wp\/v2\/posts"}],"about":[{"href":"https:\/\/tvsensor.com\/api\/wp\/v2\/types\/post"}],"author":[{"embeddable":true,"href":"https:\/\/tvsensor.com\/api\/wp\/v2\/users\/59"}],"replies":[{"embeddable":true,"href":"https:\/\/tvsensor.com\/api\/wp\/v2\/comments?post=10107"}],"version-history":[{"count":1,"href":"https:\/\/tvsensor.com\/api\/wp\/v2\/posts\/10107\/revisions"}],"predecessor-version":[{"id":10109,"href":"https:\/\/tvsensor.com\/api\/wp\/v2\/posts\/10107\/revisions\/10109"}],"wp:featuredmedia":[{"embeddable":true,"href":"https:\/\/tvsensor.com\/api\/wp\/v2\/media\/10108"}],"wp:attachment":[{"href":"https:\/\/tvsensor.com\/api\/wp\/v2\/media?parent=10107"}],"wp:term":[{"taxonomy":"category","embeddable":true,"href":"https:\/\/tvsensor.com\/api\/wp\/v2\/categories?post=10107"},{"taxonomy":"post_tag","embeddable":true,"href":"https:\/\/tvsensor.com\/api\/wp\/v2\/tags?post=10107"}],"curies":[{"name":"wp","href":"https:\/\/api.w.org\/{rel}","templated":true}]}}