{"id":10102,"date":"2019-05-29T12:54:27","date_gmt":"2019-05-29T12:54:27","guid":{"rendered":"https:\/\/senzor.ba\/?p=10102"},"modified":"2024-01-15T21:47:22","modified_gmt":"2024-01-15T20:47:22","slug":"pozitivno-misljenje-ek-nije-dovoljno-ovo-su-uvjeti-koje-bih-mora-ispuniti","status":"publish","type":"post","link":"https:\/\/tvsensor.com\/clanak\/pozitivno-misljenje-ek-nije-dovoljno-ovo-su-uvjeti-koje-bih-mora-ispuniti\/","title":{"rendered":"Pozitivno mi\u0161ljenje EK nije dovoljno: Ovo su uvjeti koje BiH mora ispuniti"},"content":{"rendered":"<p>Bosna i Hercegovina je dobila pozitivno mi\u0161ljenje Evropske komisije o kandidatskom statusu. Mi\u0161ljenje pokazuje zna\u010dajnu prekretnicu u odnosima izme\u0111u Bosne i Hercegovine i Evropske unije koja ostaje opredijeljena da pru\u017ea podr\u0161ku na\u0161oj zemlji na evropskom putu, kazao je evropski komesar za politiku susjedstva i pregovore o pro\u0161irenju Johanes Han (Johannes Hahn).<\/p>\n<p>&#8211; \u0160to se ti\u010de aplikacije BiH, Komisija je dala Mapu puta za reforme na planu demokratije, ljudskih prava, vladavine prava i reforme javne uprave. Prvi put se razmatra situacija u BiH u odnosu na sve standarde koje se primjenjuju na zemlje \u010dlanice. Mi\u0161ljenje je jedna prekretnica u odnosima izme\u0111u EU i BiH i pokazuje da je EU posve\u0107ena podr\u017eavati zemlju na njenom putu ka EU integracijama &#8211; kazao je Han.<\/p>\n<p>Nakon izlaganja Hana, izvjestilac Evropskog parlamenta za BiH Kristijan Dan Preda (Cristian) kazao je da je u mi\u0161ljenju Evropske komisije re\u010deno da BiH u kona\u010dnici mo\u017ee postati \u010dlanica EU, s tim \u0161to postoji niz koraka i zahtjeva koji moraju biti ispunjeni.<\/p>\n<p>&#8211; Kao izvjestiocu za BiH, drago mi je vidjeti da su objavljene mjere za ovu zemlju. Mislim da to odgovara analizi mjera koje imamo. Bilo je te\u0161ko prije pet godina, ali Komisija je sada dala pozitivan stav i nadam se da \u0107e Vije\u0107e prihvatiti kandidatski status za BiH. Drago mi je da postoji jasnost evropskog puta BiH. Identificirali su prioritete i lopta je sada na dijelu terena vlasti BiH. Brzina kojom budu odgovorili na sva nerije\u0161ena pitanja je klju\u010dna \u2013 kazao je Preda.<\/p>\n<p>Komesar Han je dodao da su i sve zemlje zapadnog Balkana ostvarile odre\u0111ene pomake, ali su ostali i brojni izazovi koji se trebaju rije\u0161iti, a u ovom izvje\u0161taju Evropska komisija dala je smjernice za rje\u0161enje spornih pitanja.<\/p>\n<p>&#8211; Jo\u0161 postoje slabosti u oblasti ekonomije, potrebno je rije\u0161iti pitanje velike nezaposlenosti, potrebno je nastaviti s reformama, a klju\u010dni faktor je podizanje standarda \u017eivota \u2013 kazao je Han.<\/p>\n","protected":false},"excerpt":{"rendered":"<p>Bosna i Hercegovina je dobila pozitivno mi\u0161ljenje Evropske komisije o kandidatskom statusu. Mi\u0161ljenje pokazuje zna\u010dajnu prekretnicu u odnosima izme\u0111u Bosne i Hercegovine i Evropske unije koja ostaje opredijeljena da pru\u017ea podr\u0161ku na\u0161oj zemlji na evropskom putu, kazao je evropski komesar za politiku susjedstva i pregovore o pro\u0161irenju Johanes Han (Johannes Hahn). &#8211; \u0160to se ti\u010de [&hellip;]<\/p>\n","protected":false},"author":59,"featured_media":10104,"comment_status":"open","ping_status":"closed","sticky":false,"template":"","format":"standard","meta":{"inline_featured_image":false,"footnotes":""},"categories":[37],"tags":[],"class_list":{"0":"post-10102","1":"post","2":"type-post","3":"status-publish","4":"format-standard","5":"has-post-thumbnail","7":"category-vijesti"},"acf":[],"_links":{"self":[{"href":"https:\/\/tvsensor.com\/api\/wp\/v2\/posts\/10102","targetHints":{"allow":["GET"]}}],"collection":[{"href":"https:\/\/tvsensor.com\/api\/wp\/v2\/posts"}],"about":[{"href":"https:\/\/tvsensor.com\/api\/wp\/v2\/types\/post"}],"author":[{"embeddable":true,"href":"https:\/\/tvsensor.com\/api\/wp\/v2\/users\/59"}],"replies":[{"embeddable":true,"href":"https:\/\/tvsensor.com\/api\/wp\/v2\/comments?post=10102"}],"version-history":[{"count":1,"href":"https:\/\/tvsensor.com\/api\/wp\/v2\/posts\/10102\/revisions"}],"predecessor-version":[{"id":10105,"href":"https:\/\/tvsensor.com\/api\/wp\/v2\/posts\/10102\/revisions\/10105"}],"wp:featuredmedia":[{"embeddable":true,"href":"https:\/\/tvsensor.com\/api\/wp\/v2\/media\/10104"}],"wp:attachment":[{"href":"https:\/\/tvsensor.com\/api\/wp\/v2\/media?parent=10102"}],"wp:term":[{"taxonomy":"category","embeddable":true,"href":"https:\/\/tvsensor.com\/api\/wp\/v2\/categories?post=10102"},{"taxonomy":"post_tag","embeddable":true,"href":"https:\/\/tvsensor.com\/api\/wp\/v2\/tags?post=10102"}],"curies":[{"name":"wp","href":"https:\/\/api.w.org\/{rel}","templated":true}]}}