{"id":10098,"date":"2019-05-29T12:42:47","date_gmt":"2019-05-29T12:42:47","guid":{"rendered":"https:\/\/senzor.ba\/?p=10098"},"modified":"2024-01-15T21:47:23","modified_gmt":"2024-01-15T20:47:23","slug":"slavo-kukic-stav-evropske-komisije-ohrabruje-vlast-bih-da-i-dalje-ne-radi-nista","status":"publish","type":"post","link":"https:\/\/tvsensor.com\/clanak\/slavo-kukic-stav-evropske-komisije-ohrabruje-vlast-bih-da-i-dalje-ne-radi-nista\/","title":{"rendered":"Slavo Kuki\u0107: Stav Evropske komisije ohrabruje vlast BiH da i dalje ne radi ni\u0161ta"},"content":{"rendered":"<p>Akademik Slavo Kuki\u0107, doktor sociolo\u0161kih nauka i profesor na Ekonomskom fakultetu Sveu\u010dili\u0161ta u Mostaru, u izjavi za &#8220;Avaz&#8221; komentirao je izvje\u0161taj koji je na sjednici Vanjskopoliti\u010dkog odbora Evropskog parlamenta danas predstavio komesar za evropsku susjedsku politiku i pregovore o pro\u0161irenju Johanes Han (Johannes Hahn).<\/p>\n<p>&#8211; Na mi\u0161ljenje Evropske komisije (EK) mo\u017ee se gledati iz\u00a0dvije perspektive. Jedna je, hajde recimo, uvjetno ohrabruju\u0107a, jer se otvara prostor za bosanskohercegova\u010dke vlasti, odnosno bosanskohercegova\u010dku politi\u010dku klasu da ipak u\u010dini napor vi\u0161e kako bi uhvatila posljednji voz i sutra se priklju\u010dila Sjevernoj Makedoniji i Albaniji.<\/p>\n<p>Druga, negativa dimenzija \u010ditave te pri\u010de jeste, prema mom sudu, u uvjerenju da takav stav EK zapravo ohrabruje bh. politi\u010dku klasu, kojoj i nije do euroatlantskog priklju\u010divanja i koja bi vrlo rado zadr\u017eala postoje\u0107i status quo radi svoje vlastite budu\u0107nosti. Ohrabruje ih na na\u010din da \u0107e poslije ovoga sigurno biti komentari: ne mora\u0161 raditi ni\u0161ta, oni \u0107e te i tako i tako primiti, ne primaju te zbog tebe, nego svojih geopoliti\u010dkih interesa &#8211; smatra prof. Kuki\u0107.<\/p>\n<p>Mi\u0161ljenja je i da u cijeloj ovoj pri\u010di, kako ka\u017ee, ruke ne mo\u017ee prati ni Evropska komisija.<\/p>\n<p>&#8211; Iz prostog razloga \u0161to postupa neprincipijelno, otvara vrata iako nisu ispunjeni temeljni uvjeti i zadaci koje je ona postavila pred Bosnu i Hercegovinu i njene vlasti. Otvara vrata opet iz svojih geopoliti\u010dkih interesa. Ali, ako je ve\u0107 to u\u010dinila, onda je mogla i\u0107i i korak dalje, o \u010demu ja govorim posljednjih godina, te je mogla primijeniti iste kriterije i na BiH i Srbiju, koje je primijenila i po\u010detkom 2000. godina na Rumuniju i Bugarsku, koje je pod svaku cijenu htjela vidjeti u dru\u0161tvu evropskih naroda. Ako to ho\u0107e i s Bosnom i Hercegovinom i Srbijom, kako bi onemogu\u0107ila geopoliti\u010dki prodor Rusije na ovaj prostor, onda je bilo puno korektnije, a i efikasnije da je stisnula o\u010di i otvorila vrata i nama, a eventualno ostavila priliku za europeiziranje na\u0161ih zemalja nakon njihovog integriranja u dru\u0161tvo evropskih naroda &#8211; zaklju\u010duje akademik Kuki\u0107.<\/p>\n<p>avaz<\/p>\n","protected":false},"excerpt":{"rendered":"<p>Akademik Slavo Kuki\u0107, doktor sociolo\u0161kih nauka i profesor na Ekonomskom fakultetu Sveu\u010dili\u0161ta u Mostaru, u izjavi za &#8220;Avaz&#8221; komentirao je izvje\u0161taj koji je na sjednici Vanjskopoliti\u010dkog odbora Evropskog parlamenta danas predstavio komesar za evropsku susjedsku politiku i pregovore o pro\u0161irenju Johanes Han (Johannes Hahn). &#8211; Na mi\u0161ljenje Evropske komisije (EK) mo\u017ee se gledati iz\u00a0dvije perspektive. [&hellip;]<\/p>\n","protected":false},"author":59,"featured_media":10099,"comment_status":"open","ping_status":"closed","sticky":false,"template":"","format":"standard","meta":{"inline_featured_image":false,"footnotes":""},"categories":[38],"tags":[],"class_list":{"0":"post-10098","1":"post","2":"type-post","3":"status-publish","4":"format-standard","5":"has-post-thumbnail","7":"category-vijesti-iz-bih"},"acf":[],"_links":{"self":[{"href":"https:\/\/tvsensor.com\/api\/wp\/v2\/posts\/10098","targetHints":{"allow":["GET"]}}],"collection":[{"href":"https:\/\/tvsensor.com\/api\/wp\/v2\/posts"}],"about":[{"href":"https:\/\/tvsensor.com\/api\/wp\/v2\/types\/post"}],"author":[{"embeddable":true,"href":"https:\/\/tvsensor.com\/api\/wp\/v2\/users\/59"}],"replies":[{"embeddable":true,"href":"https:\/\/tvsensor.com\/api\/wp\/v2\/comments?post=10098"}],"version-history":[{"count":1,"href":"https:\/\/tvsensor.com\/api\/wp\/v2\/posts\/10098\/revisions"}],"predecessor-version":[{"id":10100,"href":"https:\/\/tvsensor.com\/api\/wp\/v2\/posts\/10098\/revisions\/10100"}],"wp:featuredmedia":[{"embeddable":true,"href":"https:\/\/tvsensor.com\/api\/wp\/v2\/media\/10099"}],"wp:attachment":[{"href":"https:\/\/tvsensor.com\/api\/wp\/v2\/media?parent=10098"}],"wp:term":[{"taxonomy":"category","embeddable":true,"href":"https:\/\/tvsensor.com\/api\/wp\/v2\/categories?post=10098"},{"taxonomy":"post_tag","embeddable":true,"href":"https:\/\/tvsensor.com\/api\/wp\/v2\/tags?post=10098"}],"curies":[{"name":"wp","href":"https:\/\/api.w.org\/{rel}","templated":true}]}}