{"id":10096,"date":"2019-05-29T12:52:21","date_gmt":"2019-05-29T12:52:21","guid":{"rendered":"https:\/\/senzor.ba\/?p=10096"},"modified":"2024-01-15T21:47:22","modified_gmt":"2024-01-15T20:47:22","slug":"nasa-doktorica-iz-njemacke-predstavila-projekat-mini-tableta-za-djecu","status":"publish","type":"post","link":"https:\/\/tvsensor.com\/clanak\/nasa-doktorica-iz-njemacke-predstavila-projekat-mini-tableta-za-djecu\/","title":{"rendered":"Na\u0161a doktorica iz Njema\u010dke predstavila projekat mini tableta za djecu"},"content":{"rendered":"<p>Dr. Emina Obar\u010danin koja je dugo godina provela u Njema\u010dkoj jedna je od u\u010desnica programa prenosa znanja iz iseljeni\u0161tva u javne institucije u BiH koji se ralizuje u okviru projekta &#8220;Dijaspora za razvoj&#8221; &#8211; projekat Ministarstva za ljudska prava i izbjeglice Bosne i Hercegovine i Vlade \u0160vicarske u partnerstvu sa Razvojnim programom Ujedinjenih nacija (UNDP) i Me\u0111unarodnom organizacijom za migracije (IOM), pi\u0161e\u00a0<a href=\"https:\/\/dijaspora.mhrr.gov.ba\/zajedno-trebamo-raditi-na-razvijanju-struke-i-mladih-narastaja\/\" target=\"_blank\" rel=\"noopener\"><strong>dijaspora.mhrr.gov.ba.<\/strong><\/a><\/p>\n<p>Emina Obar\u010danin ro\u0111ena je u Doboju, a osnovnu \u0161kolu je zavr\u0161ila u Te\u0161nju. Godine 1992. seli u Njema\u010dku gdje je zavr\u0161ila klasi\u010dnu gimnaziju i studij farmacije na Univerzitetu u Duesseldorfu. Stekla je zvanje doktora farmacije na Univerzitetu u Floridi, Gainsville, SAD, a zvanje dr. rer. nat (doktor prirodnih nauka) na Heinnrich-Heine Univerzitetu u Dusseldorfu. Kao docent je zaposlena na Institutu za klini\u010dku farmaciju na Heinnrich-Heine Univerzitetu u Dusseldorfu za oblasti dijabetesae i onkologije, farmaceutske skrbi i terapije ljekovima. Na istom univerzitetu obavlja funkciju i zamjenika kordinatora EU FP7 projekta LENA (Labeling of Enalapril in Neonates up to Adolesecents).<\/p>\n<p>Obar\u010danin je imala priliku da akademskom osoblju Farmaceutskog fakulteta u Sarajevu, na kojem je bila anga\u017eovana u okviru projekta ministarstva, predstavi fakultet Heinnrich-Heine te oblast klin\u010dke farmacije koja se bavi terapijom lijekovima. Tom prilikom je predstavila i projekat LENA, \u010diji je cilj bio razviti formulaciju enalaprila, orodispersibilne mini tablete, koje djeca svih uzrasta od prvog dana \u017eivota mogu da koriste, te ispitati efikasnost enalaprila u terapiji dilatacionih kardiomiopatija i kongenitalnih sr\u010danih oboljenja kod djece svih uzrasta.<\/p>\n<p>Na doktoroskom studiju Farmaceutskog fakulteta u Sarajevu Obar\u010danin je odr\u017eala seminar pod nazivom &#8220;Dobra klini\u010dka praksa i etika u farmaciji&#8221;. Kako bi na \u0161to efikasniji na\u010din prenjela znanje kolegama iz oblasti dobre klini\u010dke prakse, odr\u017eala je radionice, a za oblast etika u farmaciji odabrala je slu\u010dajeve iz prakse gdje se ne po\u0161tuje farmaceutska i medicinska etika te su doktoranti kroz tzv. metodu debate imali priliku iskazati svoje mi\u0161ljenje i evaluairati prikazane slu\u010dajeve.<\/p>\n<p>Obar\u010danin je bila \u010dlan \u017eirija na takmi\u010denju u Sarajevu koje je odr\u017eano za studente farmacije i medicine iz raznih gradova regije. Isti\u010de da studenti koji su uzeli u\u010de\u0161\u010de na takmi\u010denju su imali zadatak da analiziraju slu\u010daj pacijenta sa dijabetesom koji ima u\u010destale kolapse. Entuzijazam i \u017eelja za pobijedom me\u0111u studentima nije nedostajala, a pobijedio je onaj tim koji je prepoznao simptome i adekvatno prilagodijo terapiju.<\/p>\n<p>U razgovoru s Eminom saznali smo da je izuzetno zadovoljna \u0161to je dobila priliku u\u010destvovati u prenosu znanja iz dijaspore u BiH. Za kolege sa Farmaceutskog fakulteta ka\u017ee da su otvoreni za saradnju i \u017eeljni novih znanja. Isti\u010de da svaki pojedinac mo\u017ee napraviti jako puno u svojoj oblasti, time \u0161to \u0107e svoje znanje i iskustvo dijeliti i \u0161iriti na podru\u010dju BiH. Kolegama stru\u010dnjacima iz dijaspore poru\u010dila je da se \u0161to vi\u0161e anga\u017euju da se BiH uklju\u010di u nau\u010dno istra\u017eiva\u010dke projekte iz oblasti zdravstva kako bi na taj na\u010din mladi ljudi iz BiH dobili \u0161ansu da rade u timovima stru\u010dnjaka iz oblasti farmacije, a BiH institucijama da rade na tome da se BiH uklju\u010di u projekte EU iz oblasti zdravstva.<\/p>\n<div class=\"article hasRelatedCard hasRelatedImg hasRelatedCardBody hasRelatedHeader\">\n<div class=\"card\">Za kraj na\u0161a sagovornica nam je rekla kako ve\u0107 sada radi na dobijanju sredstava za jedan &#8220;Health project&#8221; u BiH.<\/div>\n<\/div>\n<div><\/div>\n<div>MojaBiH<\/div>\n","protected":false},"excerpt":{"rendered":"<p>Dr. Emina Obar\u010danin koja je dugo godina provela u Njema\u010dkoj jedna je od u\u010desnica programa prenosa znanja iz iseljeni\u0161tva u javne institucije u BiH koji se ralizuje u okviru projekta &#8220;Dijaspora za razvoj&#8221; &#8211; projekat Ministarstva za ljudska prava i izbjeglice Bosne i Hercegovine i Vlade \u0160vicarske u partnerstvu sa Razvojnim programom Ujedinjenih nacija (UNDP) [&hellip;]<\/p>\n","protected":false},"author":59,"featured_media":10101,"comment_status":"open","ping_status":"closed","sticky":false,"template":"","format":"standard","meta":{"inline_featured_image":false,"footnotes":""},"categories":[39],"tags":[],"class_list":{"0":"post-10096","1":"post","2":"type-post","3":"status-publish","4":"format-standard","5":"has-post-thumbnail","7":"category-dijaspora"},"acf":[],"_links":{"self":[{"href":"https:\/\/tvsensor.com\/api\/wp\/v2\/posts\/10096","targetHints":{"allow":["GET"]}}],"collection":[{"href":"https:\/\/tvsensor.com\/api\/wp\/v2\/posts"}],"about":[{"href":"https:\/\/tvsensor.com\/api\/wp\/v2\/types\/post"}],"author":[{"embeddable":true,"href":"https:\/\/tvsensor.com\/api\/wp\/v2\/users\/59"}],"replies":[{"embeddable":true,"href":"https:\/\/tvsensor.com\/api\/wp\/v2\/comments?post=10096"}],"version-history":[{"count":2,"href":"https:\/\/tvsensor.com\/api\/wp\/v2\/posts\/10096\/revisions"}],"predecessor-version":[{"id":35622,"href":"https:\/\/tvsensor.com\/api\/wp\/v2\/posts\/10096\/revisions\/35622"}],"wp:featuredmedia":[{"embeddable":true,"href":"https:\/\/tvsensor.com\/api\/wp\/v2\/media\/10101"}],"wp:attachment":[{"href":"https:\/\/tvsensor.com\/api\/wp\/v2\/media?parent=10096"}],"wp:term":[{"taxonomy":"category","embeddable":true,"href":"https:\/\/tvsensor.com\/api\/wp\/v2\/categories?post=10096"},{"taxonomy":"post_tag","embeddable":true,"href":"https:\/\/tvsensor.com\/api\/wp\/v2\/tags?post=10096"}],"curies":[{"name":"wp","href":"https:\/\/api.w.org\/{rel}","templated":true}]}}