{"id":10089,"date":"2019-05-29T11:59:20","date_gmt":"2019-05-29T11:59:20","guid":{"rendered":"https:\/\/senzor.ba\/?p=10089"},"modified":"2024-01-15T21:47:23","modified_gmt":"2024-01-15T20:47:23","slug":"10089-2","status":"publish","type":"post","link":"https:\/\/tvsensor.com\/clanak\/10089-2\/","title":{"rendered":""},"content":{"rendered":"<p>Sino\u0107 je reisu-l-ulema Islamske zajednice u Bosni i Hercegovini Husein ef. Kavazovi\u0107 u sarajevskoj Vije\u0107nici priredio iftar za akreditovane \u0161efove diplomatskih predstavni\u0161tava u BiH. Na ovoj tradicionalnoj prigodi kojoj se odazvalo preko 40 stranih ambasadora i \u0161efova diplomatskih predstavni\u0161tava u BiH reisu-l-ulema Kavazovi\u0107 je u svom obra\u0107anju kazao:<\/p>\n<p>&#8211; \u010cast mi je i zadovoljstvo \u0161to vas mogu ugostiti na iftaru. Prekid posta je trenutak u kojem svakog dana ramazana slavimo trijumf ljudske volje nad njegovim slabostima. A istinski je slobodan i sretan samo onaj ko ovlada svojim slabostima i strastima. Drago nam je \u0161to imamo priliku ovu radost podijeliti s vama.<\/p>\n<p>Zahvaljujem vam se svakome ponaosob \u0161to ste odlu\u010dili da nam se pridru\u017eite i provedete s nama vrijeme iftara. Ukazali ste nam posebnu \u010dast.<\/p>\n<p>Va\u0161e ekselencije,<\/p>\n<p>Vjerski blagdani svih konfesija, a naro\u010dito tradicionalnih vjerskih zajednica i crkava u Bosni i Hercegovini, jedinstvena su prilika da se susretnemo, da podijelimo radost kao \u0161to znamo podijeliti i tugu. Ka\u017eu da se tuga smanjuje kada se dijeli, a radost samo pove\u0107ava. To je oduvijek bio dio na\u0161e bosanske kulture i tradicije. Bili smo zajedno bez obzira na to kako se Bogu molimo i kad nam je te\u0161ko i kada nam je dobro.<\/p>\n<p>U vremenu kada jedemo s nogu, i kada se susre\u0107emo samo na poslovnim sastancima, lijepo je imati trenutke kada se sastajemo bez pritiska svakodnevnice, kada za sto sjedamo samo da bismo jedni drugima ukazali po\u0161tovanje i po\u010dast, da bi se pogledali u o\u010di i upitali za zdravlje.<\/p>\n<p>Ti susreti su nam svima potrebni. Danas, kada se svijetom orkestrirano \u0161iri nepovjerenje i strah, li\u010dni susreti su ono \u0161to nas \u010dini ljudima. A biti \u010dovjekom najljep\u0161a je, ali i najte\u017ea zada\u0107a u \u017eivotu.<\/p>\n<p>Zato \u017eelim da iskoristimo ovu priliku kako bi u ovoj prelijepoj gra\u0111evini \u010dija historija nosi toliko bitnih poruka ali i lekcija za sve nas i ovoj prelijepoj sarajevskoj no\u0107i obnovili na\u0161e prijateljstvo i zavjet da zajedno istrajemo u dobru i da sva isku\u0161enja i probleme zajedno rje\u0161avamo.<\/p>\n<p>Va\u0161e ekselencije,<\/p>\n<p>\u017delim da vam se jo\u0161 jednom zahvalim na podr\u0161ci koju pru\u017eate na\u0161oj domovini Bosni i Hercegovini, njenoj cjelovitosti i njenim euroatlantskim integracijama. Hvala vam i na podr\u0161ci Islamskoj zajednici i me\u0111ureligijskom dijalogu u Bosni i Hercegovini.<\/p>\n<p>Uz iskrenu nadu i molitve da vas Uzvi\u0161eni po\u017eivi u dobru, neka je mir i spas na sve vas, poru\u010dio je reisu-l-ulema Kavazovi\u0107.<\/p>\n","protected":false},"excerpt":{"rendered":"<p>Sino\u0107 je reisu-l-ulema Islamske zajednice u Bosni i Hercegovini Husein ef. Kavazovi\u0107 u sarajevskoj Vije\u0107nici priredio iftar za akreditovane \u0161efove diplomatskih predstavni\u0161tava u BiH. Na ovoj tradicionalnoj prigodi kojoj se odazvalo preko 40 stranih ambasadora i \u0161efova diplomatskih predstavni\u0161tava u BiH reisu-l-ulema Kavazovi\u0107 je u svom obra\u0107anju kazao: &#8211; \u010cast mi je i zadovoljstvo \u0161to [&hellip;]<\/p>\n","protected":false},"author":59,"featured_media":10092,"comment_status":"open","ping_status":"closed","sticky":false,"template":"","format":"standard","meta":{"inline_featured_image":false,"footnotes":""},"categories":[57],"tags":[],"class_list":{"0":"post-10089","1":"post","2":"type-post","3":"status-publish","4":"format-standard","5":"has-post-thumbnail","7":"category-religija"},"acf":[],"_links":{"self":[{"href":"https:\/\/tvsensor.com\/api\/wp\/v2\/posts\/10089","targetHints":{"allow":["GET"]}}],"collection":[{"href":"https:\/\/tvsensor.com\/api\/wp\/v2\/posts"}],"about":[{"href":"https:\/\/tvsensor.com\/api\/wp\/v2\/types\/post"}],"author":[{"embeddable":true,"href":"https:\/\/tvsensor.com\/api\/wp\/v2\/users\/59"}],"replies":[{"embeddable":true,"href":"https:\/\/tvsensor.com\/api\/wp\/v2\/comments?post=10089"}],"version-history":[{"count":2,"href":"https:\/\/tvsensor.com\/api\/wp\/v2\/posts\/10089\/revisions"}],"predecessor-version":[{"id":10091,"href":"https:\/\/tvsensor.com\/api\/wp\/v2\/posts\/10089\/revisions\/10091"}],"wp:featuredmedia":[{"embeddable":true,"href":"https:\/\/tvsensor.com\/api\/wp\/v2\/media\/10092"}],"wp:attachment":[{"href":"https:\/\/tvsensor.com\/api\/wp\/v2\/media?parent=10089"}],"wp:term":[{"taxonomy":"category","embeddable":true,"href":"https:\/\/tvsensor.com\/api\/wp\/v2\/categories?post=10089"},{"taxonomy":"post_tag","embeddable":true,"href":"https:\/\/tvsensor.com\/api\/wp\/v2\/tags?post=10089"}],"curies":[{"name":"wp","href":"https:\/\/api.w.org\/{rel}","templated":true}]}}