{"id":10086,"date":"2019-05-29T12:00:03","date_gmt":"2019-05-29T12:00:03","guid":{"rendered":"https:\/\/senzor.ba\/?p=10086"},"modified":"2024-01-15T21:47:23","modified_gmt":"2024-01-15T20:47:23","slug":"finansijska-podrska-za-33-nova-biznisa-u-opcini-novi-grad","status":"publish","type":"post","link":"https:\/\/tvsensor.com\/clanak\/finansijska-podrska-za-33-nova-biznisa-u-opcini-novi-grad\/","title":{"rendered":"Finansijska podr\u0161ka za 33 nova biznisa u op\u0107ini Novi Grad"},"content":{"rendered":"<p>Op\u0107ina Novi Grad Sarajevo i u ovoj godini nastavlja sa podr\u0161kom po\u010detnicima u biznisu kroz<br \/>\nsufinansiranje tro\u0161kova samostalnih poduzetnika u trajanju od dvije godine, a za tu namjenu u<br \/>\novogodi\u0161njem bud\u017eetu izdvojeno je 220.000 KM.<\/p>\n<p>Tim povodom u zgradi Op\u0107ine danas su potpisani ugovori za 33 nova po\u010detnika u biznisu<br \/>\nkoji \u0107e u periodu od dvije godine koristiti ovu podsticajnu mjeru koja se provodi u svrhu<br \/>\npove\u0107anja broja odr\u017eivih biznisa i kreiranja novih radnih mjesta.<\/p>\n<p>Dobrodo\u0161licu je prisutnim potpisnicima ugovora po\u017eelio op\u0107inski na\u010delnik Semir Efendi\u0107, uz<br \/>\n\u017eelju da uspiju u poslovima koje su pokrenuli. Istakao je da Op\u0107ina Novi Grad nastoji da kroz<br \/>\nrazli\u010dite projekate do\u0111e do \u0161to vi\u0161e stanovnika op\u0107ine.<\/p>\n<p>\u201eNastojimo da za svaku populaciju na\u0161eg stanovni\u0161tva, od djece koja se ra\u0111aju, pa do<br \/>\npenzionera, prona\u0111emo na\u010din da osjete da su dio ove lokalne zajednica i da ih ona podr\u017eava u<br \/>\nonome \u0161to im je potrebno. Posebno smo razvili nekoliko programa kada je u pitanju podr\u0161ka<br \/>\nzapo\u0161ljavanju. Jedan od ciljeva na\u0161eg Programa \u201ePokrenimo Novi Grad zajedno\u201c je da<br \/>\nnajmanje 5 posto bud\u017eetskih sredstava bude usmjereno u podr\u0161ku privredi. Jedna od mjera<br \/>\nkoja je po\u010dela pro\u0161le godine, a ti\u010de se podr\u0161ke po\u010detnicima u biznisu, samostalne<br \/>\nugostiteljske radnje, trgova\u010dke radnje, obrte itd. je i sufinansiranje njihovih mjese\u010dnih<br \/>\ntro\u0161kova u trajanju od dvije godine\u201c, kazao je na\u010delnik Efendi\u0107.<\/p>\n<p>D\u017eemaludin Kahrovi\u0107, pomo\u0107nik op\u0107inskog na\u010delnika za privredu i lokalni ekonomski razvoj<br \/>\nistakao je da je op\u0107inska slu\u017eba svima dostupna i pozvao ih da koriste usluge Centra za razvoj<br \/>\nbiznisa koji se nalazi u prizemlju zgrade Op\u0107ine, a koji pru\u017ea direktnu i elektronsku<br \/>\nkomunikaciju, gdje mogu ostaviti e-mail adresu, te svakodnevno dobijati informacije koje<br \/>\nmogu biti zna\u010dajne za dono\u0161enje njihovih poslovnih odluka.<br \/>\n\u201eMi provodimo set mjera podsticaju privredi i zapo\u0161ljavanju. One su definisane na\u0161im<br \/>\nstrate\u0161kim dokumentima, prije svega Strategijom razvoja za period 2014-2020. godina i nije<br \/>\nslu\u010dajno da se ovako razvija set podsticajnih mjera i projekata u na\u0161oj op\u0107ini\u201c, izjavio je<br \/>\nKahrovi\u0107, napominju\u0107i da je zahvaljuju\u0107i provo\u0111enju seta mjera u periodu od 2013. od kada<br \/>\nse po\u010dinju primjenjivati, do 2018. godine, do\u0161lo do smanjenja nezaposlenih osoba na<br \/>\npodru\u010dju op\u0107ine Novi Grad (oko 3.600 osoba) i do zna\u010dajnog broja zapo\u0161ljavanja novih<br \/>\nuposlenika u privrednim subjektima koji djeluju na podru\u010dju na\u0161e op\u0107ine.<\/p>\n<p>Me\u0111u korisnicima podsticajnih mjera je Bojana \u0160utvi\u0107 koja je u januaru ove godine<br \/>\nregistrirala obrtni\u010dku djelatnost \u2013 Agenciju za reklamu i propagandu \u201cNumber one\u201c, a ve\u0107 u<br \/>\nmaju zaposlila je jo\u0161 jednu osobu.<\/p>\n<h4>Jasna vizija i podr\u0161ka lokalne zajednice<\/h4>\n<p>\u201ePrije svega, nama koji tek po\u010dinju u biznisu svaka podr\u0161ka je bitna, zato \u0161to je vrlo te\u0161ko na<br \/>\nsamom po\u010detku osigurati sredstva. S druge strane, jako nam je bitno zato \u0161to nekako danas u<br \/>\nposlovnom ambijentu vrlo su \u010deste negativne ocjene ambijenta. Ako imate jasnu viziju i ako<br \/>\nste vrijedni i uporni, i uz podr\u0161lu lokane zajednice, mislim da se mo\u017ee uspjeti\u201c, naglasila je<br \/>\nBojana.<br \/>\nU op\u0107ini Novi Grad pro\u0161le godine registrirano je 350 novih po\u010detnika u biznisu od kojih je<br \/>\n120 ostvarilo pravo na subvencioniranje tro\u0161kova od strane Op\u0107ine. Uz to Novi Grad je prva<br \/>\nlokalna zajednica koja je u privredu op\u0107ine Novi Grad plasirala oko 40 miliona KM kroz<br \/>\npovoljnu finansijsku liniju i uz subvencioniranu kamatnu stopu, \u0161to je rezultiralo otvaranjem<br \/>\noko hiljadu novih radnih mjesta. To i jo\u0161 15-tak mjera i projekata koji se realiziraju uz<br \/>\npodr\u0161ku partnera, daju zna\u010dajan doprinos poslovnom ambijentu koji je kreiran u ovoj lokalnoj<br \/>\nzajednici.<\/p>\n","protected":false},"excerpt":{"rendered":"<p>Op\u0107ina Novi Grad Sarajevo i u ovoj godini nastavlja sa podr\u0161kom po\u010detnicima u biznisu kroz sufinansiranje tro\u0161kova samostalnih poduzetnika u trajanju od dvije godine, a za tu namjenu u ovogodi\u0161njem bud\u017eetu izdvojeno je 220.000 KM. Tim povodom u zgradi Op\u0107ine danas su potpisani ugovori za 33 nova po\u010detnika u biznisu koji \u0107e u periodu od [&hellip;]<\/p>\n","protected":false},"author":59,"featured_media":10087,"comment_status":"open","ping_status":"closed","sticky":false,"template":"","format":"standard","meta":{"inline_featured_image":false,"footnotes":""},"categories":[43,42],"tags":[],"class_list":{"0":"post-10086","1":"post","2":"type-post","3":"status-publish","4":"format-standard","5":"has-post-thumbnail","7":"category-bih","8":"category-ekonomija"},"acf":[],"_links":{"self":[{"href":"https:\/\/tvsensor.com\/api\/wp\/v2\/posts\/10086","targetHints":{"allow":["GET"]}}],"collection":[{"href":"https:\/\/tvsensor.com\/api\/wp\/v2\/posts"}],"about":[{"href":"https:\/\/tvsensor.com\/api\/wp\/v2\/types\/post"}],"author":[{"embeddable":true,"href":"https:\/\/tvsensor.com\/api\/wp\/v2\/users\/59"}],"replies":[{"embeddable":true,"href":"https:\/\/tvsensor.com\/api\/wp\/v2\/comments?post=10086"}],"version-history":[{"count":1,"href":"https:\/\/tvsensor.com\/api\/wp\/v2\/posts\/10086\/revisions"}],"predecessor-version":[{"id":10094,"href":"https:\/\/tvsensor.com\/api\/wp\/v2\/posts\/10086\/revisions\/10094"}],"wp:featuredmedia":[{"embeddable":true,"href":"https:\/\/tvsensor.com\/api\/wp\/v2\/media\/10087"}],"wp:attachment":[{"href":"https:\/\/tvsensor.com\/api\/wp\/v2\/media?parent=10086"}],"wp:term":[{"taxonomy":"category","embeddable":true,"href":"https:\/\/tvsensor.com\/api\/wp\/v2\/categories?post=10086"},{"taxonomy":"post_tag","embeddable":true,"href":"https:\/\/tvsensor.com\/api\/wp\/v2\/tags?post=10086"}],"curies":[{"name":"wp","href":"https:\/\/api.w.org\/{rel}","templated":true}]}}