{"id":10063,"date":"2019-05-29T01:40:40","date_gmt":"2019-05-29T01:40:40","guid":{"rendered":"https:\/\/senzor.ba\/?p=10063"},"modified":"2024-01-15T21:47:24","modified_gmt":"2024-01-15T20:47:24","slug":"naucnica-sve-blize-lijeku-za-alzheimer-otkriven-gen-za-duzi-zivot-smanjuje-sansu-za-demenciju","status":"publish","type":"post","link":"https:\/\/tvsensor.com\/clanak\/naucnica-sve-blize-lijeku-za-alzheimer-otkriven-gen-za-duzi-zivot-smanjuje-sansu-za-demenciju\/","title":{"rendered":"Nau\u010dnica sve bli\u017ee lijeku za Alzheimer: Otkriven gen za du\u017ei \u017eivot, smanjuje \u0161ansu za demenciju"},"content":{"rendered":"<p><b>Istra\u017eiva\u010di Univerzitetskog medicinskog centra (UMC) u Amsterdamu otkrili su rijetku genetsku varijaciju koja u velikoj mjeri smanjuje \u0161ansu za Alzheimerovu bolest i jo\u0161 dva oblika demencije.\u00a0<\/b><\/p>\n<p>Pored toga, mogu\u0107e je da ovaj gen pove\u0107ava \u0161ansu za du\u017ei \u017eivot, objavljeno je u nau\u010dnom \u010dasopisu Acta Neuropahologica, a prenijela je holandska televizija NOS.<\/p>\n<p>Prema informacijama objavljenim u \u010dlanku, ovo izuzetno va\u017eno otkri\u0107e donosi nove mogu\u0107nosti u razvoju lijeka za Alchajmerovu bolest, ali i druge oblike demencije koje se za sada ne mogu lije\u010diti. Nau\u010dnici o\u010dekuju da \u0107e ih otkri\u0107e ovog gena zadu\u017eenog za regulaciju sistema za \u010di\u0161\u0107enja mozga od otpada, dovesti korak bli\u017ee lijeku za Alzheimerovu bolest.<\/p>\n<p><img decoding=\"async\" class=\"loading\" src=\"https:\/\/backend.hayat.ba\/uploads\/articles\/ZRAZMJENAEF\/1864037_screenshot-43_ls.jpg\" alt=\"\" \/><\/p>\n<p>Istra\u017eivanje koje vodi klini\u010dki geneti\u010dar Hene Holstehe u UMC u Amsterdamu obavlja se nad \u0161esnaest razli\u010ditih grupa populacije u 60 istra\u017eiva\u010dkih instituta u Evropi i Sjevernoj i Ju\u017enoj Americi. Hene Holsteha poznata je po svom genetskom istra\u017eivanju kod osoba starijih od 100 godina, koji su i u ovom otkri\u0107u imali va\u017enu ulogu.<\/p>\n<p>U jednom od ranijih istra\u017eivanja genetska varijanta Rs 72824905 dovedena je u vezu sa za\u0161titom od Alzheimerove bolesti, ali kako je ovaj gen izuzetno rijedak &#8211; tek jedna od sto osoba sa evropskim precima ima ovaj gen &#8211; sada su analizirani podaci 53.000 osobe iz Evrope i Sjeverne Amerike, \u010dime je pove\u0107an broj osoba sa ovim genom koji su u\u010destvovali u istra\u017eivanju. Rezultati istra\u017eivanja su spektakularni: osobe sa genom Rs 72824905 imaju upola manju \u0161ansu da obole od Alzheimerove bolesti, frontotemporalne demencije i demencije sa Levijevim tijelima (DLT).<\/p>\n<p>Uticaj ovog gena na razvoj vaskularne demencije nije obuhva\u0107en ovim istra\u017eivanjem. Nau\u010dnici su se nadali da novootkriveni gen ima za\u017etitnu ulogu i u razvijanju Parkinsonove bolesti, multiple skleroze i amiotrofi\u010dne lateralne skleroze (ALS), ali to nije slu\u010daj. Uloga gena Rs 72824905 dovodi se i u vezu sa du\u017eim \u017eivotom. Osobe sa ovim genom starije od 90 godina, \u010diji su podaci analizirani, \u017eive u prosjeku godinu dana du\u017ee, ali kako je analizirana grupa relativno mala, nije mogu\u0107e isklju\u010diti slu\u010dajnost.<\/p>\n<p><img decoding=\"async\" class=\"loading\" src=\"https:\/\/backend.hayat.ba\/uploads\/articles\/ZRAZMJENAEF\/dependent-100342_640.jpg\" alt=\"\" \/><\/p>\n<p>Ipak, jedinstena grupa osoba starijih od 100 godina, iz istog istra\u017eivanja, dva puta \u010de\u0161\u0107e je u posjedstvu ovog gena. Jedan od nosioca gena, zdrava \u017eena od 104 godine, pored novootkrivenog gena, \u010dak nosi i dva gena koji kod drugih pacijenata izazivaju izuzetno brzu proizvodnju \u0161tetnih proteina u mo\u017edanim \u0107elijma. Nosioci ta dva gena \u010desto u mla\u0111em uzrastu oboljevaju od demencije, dok su stogodi\u0161njaci nosioci ovih gena izuzetno rijetki.<\/p>\n<p>Me\u0111utim, gen Rs 72824905 izgleda da ima za\u0161titnu ulogu u proizvodnji ovog proteina: kod pacijenata koji imaju problema sa pam\u0107enjem ali su i nosioci ovog gena, proces proizvodnje \u0161tetnih proteina u mo\u017edanim \u0107elijama je znatno sporiji, pi\u0161e<\/p>\n<p>Upravo zbog toga nau\u010dnici vjeruju da \u0107e otkri\u0107em na\u010dina na koji ovaj gen funkcioni\u0161e, biti znatno bli\u017ee leku za Alzheimerovu bolest. Pri oblicima demencije koje je istra\u017eivanje obuhvatilo, mo\u017edane \u0107elije odumiru usljed proizvodnje \u0161tetnih proteina u njima.<\/p>\n<p>Iako jo\u0161 uvijek nije poznato na koji ta\u010dno na\u010din do toga dolazi, nau\u010dnici vjeruju da je zna\u010dajnim dijelom uzrokovano \u010dinjenicom da sistem za \u010di\u0161\u0107enje mozga od otpada sa godinama sve slabije funkcioni\u0161e.<\/p>\n<p><iframe loading=\"lazy\" title=\"Henne Holstege   VUmc Alzheimercentrum\" width=\"696\" height=\"392\" src=\"https:\/\/www.youtube.com\/embed\/uDQ6zecQJjI?feature=oembed\" frameborder=\"0\" allow=\"accelerometer; autoplay; clipboard-write; encrypted-media; gyroscope; picture-in-picture\" allowfullscreen><\/iframe><\/p>\n","protected":false},"excerpt":{"rendered":"<p>Istra\u017eiva\u010di Univerzitetskog medicinskog centra (UMC) u Amsterdamu otkrili su rijetku genetsku varijaciju koja u velikoj mjeri smanjuje \u0161ansu za Alzheimerovu bolest i jo\u0161 dva oblika demencije.\u00a0 Pored toga, mogu\u0107e je da ovaj gen pove\u0107ava \u0161ansu za du\u017ei \u017eivot, objavljeno je u nau\u010dnom \u010dasopisu Acta Neuropahologica, a prenijela je holandska televizija NOS. Prema informacijama objavljenim u [&hellip;]<\/p>\n","protected":false},"author":59,"featured_media":10069,"comment_status":"open","ping_status":"closed","sticky":false,"template":"","format":"standard","meta":{"inline_featured_image":false,"footnotes":""},"categories":[43],"tags":[],"class_list":{"0":"post-10063","1":"post","2":"type-post","3":"status-publish","4":"format-standard","5":"has-post-thumbnail","7":"category-bih"},"acf":[],"_links":{"self":[{"href":"https:\/\/tvsensor.com\/api\/wp\/v2\/posts\/10063","targetHints":{"allow":["GET"]}}],"collection":[{"href":"https:\/\/tvsensor.com\/api\/wp\/v2\/posts"}],"about":[{"href":"https:\/\/tvsensor.com\/api\/wp\/v2\/types\/post"}],"author":[{"embeddable":true,"href":"https:\/\/tvsensor.com\/api\/wp\/v2\/users\/59"}],"replies":[{"embeddable":true,"href":"https:\/\/tvsensor.com\/api\/wp\/v2\/comments?post=10063"}],"version-history":[{"count":1,"href":"https:\/\/tvsensor.com\/api\/wp\/v2\/posts\/10063\/revisions"}],"predecessor-version":[{"id":10065,"href":"https:\/\/tvsensor.com\/api\/wp\/v2\/posts\/10063\/revisions\/10065"}],"wp:featuredmedia":[{"embeddable":true,"href":"https:\/\/tvsensor.com\/api\/wp\/v2\/media\/10069"}],"wp:attachment":[{"href":"https:\/\/tvsensor.com\/api\/wp\/v2\/media?parent=10063"}],"wp:term":[{"taxonomy":"category","embeddable":true,"href":"https:\/\/tvsensor.com\/api\/wp\/v2\/categories?post=10063"},{"taxonomy":"post_tag","embeddable":true,"href":"https:\/\/tvsensor.com\/api\/wp\/v2\/tags?post=10063"}],"curies":[{"name":"wp","href":"https:\/\/api.w.org\/{rel}","templated":true}]}}