{"id":10053,"date":"2019-05-29T00:53:42","date_gmt":"2019-05-29T00:53:42","guid":{"rendered":"https:\/\/senzor.ba\/?p=10053"},"modified":"2024-01-15T21:47:24","modified_gmt":"2024-01-15T20:47:24","slug":"kandidatski-status-bih","status":"publish","type":"post","link":"https:\/\/tvsensor.com\/clanak\/kandidatski-status-bih\/","title":{"rendered":"Kandidatski status BiH"},"content":{"rendered":"<p>Bosna i Hercegovina \u0107e sutra dobiti odgovor zvani\u010dnog Bruxellesa o zahtjevu za dobijanje kandidatskog statusa u Evropskoj uniji. \u010clanovi Kolegija Zastupni\u010dkog i Doma naroda Parlamenta BiH sutra \u0107e se sastati sa \u0161efom Delegacije i specijalnim predstavnikom Evropske unije u BiH Lars-Gunnarom Wigemarkom, kada se o\u010dekuje da BiH dobije zvani\u010dno mi\u0161ljenje o aplikaciji.<\/p>\n<p>Kako Oslobo\u0111enje i TV1 saznaju od relevantnih izvora u Bruxellesu, BiH bi mogla dobiti pozitivno mi\u0161ljenje i status kandidata, no kona\u010dna odluka \u0107e ipak ovisiti o svakoj pojedina\u010dnoj \u010dlanici EU. U prevodu, Evropska komisija status kandidata BiH mo\u017ee odobriti, ali \u0107e on stupiti na snagu tek kada se o tome izjasni svaka zemlja \u010dlanica EU pojedina\u010dno, odnosno po istom principu koji se koristi u procesu prijema nove \u010dlanice EU. Ranije je BiH poru\u010deno da mora naporno raditi na reformama i kona\u010dno, sedam mjeseci nakon op\u0107ih izbora, formirati vlast na dr\u017eavnom nivou.<\/p>\n<p>Oslobo\u0111enje<\/p>\n","protected":false},"excerpt":{"rendered":"<p>Bosna i Hercegovina \u0107e sutra dobiti odgovor zvani\u010dnog Bruxellesa o zahtjevu za dobijanje kandidatskog statusa u Evropskoj uniji. \u010clanovi Kolegija Zastupni\u010dkog i Doma naroda Parlamenta BiH sutra \u0107e se sastati sa \u0161efom Delegacije i specijalnim predstavnikom Evropske unije u BiH Lars-Gunnarom Wigemarkom, kada se o\u010dekuje da BiH dobije zvani\u010dno mi\u0161ljenje o aplikaciji. Kako Oslobo\u0111enje i [&hellip;]<\/p>\n","protected":false},"author":59,"featured_media":10054,"comment_status":"open","ping_status":"closed","sticky":false,"template":"","format":"standard","meta":{"inline_featured_image":false,"footnotes":""},"categories":[38],"tags":[],"class_list":{"0":"post-10053","1":"post","2":"type-post","3":"status-publish","4":"format-standard","5":"has-post-thumbnail","7":"category-vijesti-iz-bih"},"acf":[],"_links":{"self":[{"href":"https:\/\/tvsensor.com\/api\/wp\/v2\/posts\/10053","targetHints":{"allow":["GET"]}}],"collection":[{"href":"https:\/\/tvsensor.com\/api\/wp\/v2\/posts"}],"about":[{"href":"https:\/\/tvsensor.com\/api\/wp\/v2\/types\/post"}],"author":[{"embeddable":true,"href":"https:\/\/tvsensor.com\/api\/wp\/v2\/users\/59"}],"replies":[{"embeddable":true,"href":"https:\/\/tvsensor.com\/api\/wp\/v2\/comments?post=10053"}],"version-history":[{"count":1,"href":"https:\/\/tvsensor.com\/api\/wp\/v2\/posts\/10053\/revisions"}],"predecessor-version":[{"id":10055,"href":"https:\/\/tvsensor.com\/api\/wp\/v2\/posts\/10053\/revisions\/10055"}],"wp:featuredmedia":[{"embeddable":true,"href":"https:\/\/tvsensor.com\/api\/wp\/v2\/media\/10054"}],"wp:attachment":[{"href":"https:\/\/tvsensor.com\/api\/wp\/v2\/media?parent=10053"}],"wp:term":[{"taxonomy":"category","embeddable":true,"href":"https:\/\/tvsensor.com\/api\/wp\/v2\/categories?post=10053"},{"taxonomy":"post_tag","embeddable":true,"href":"https:\/\/tvsensor.com\/api\/wp\/v2\/tags?post=10053"}],"curies":[{"name":"wp","href":"https:\/\/api.w.org\/{rel}","templated":true}]}}