{"id":10046,"date":"2019-05-28T14:04:41","date_gmt":"2019-05-28T14:04:41","guid":{"rendered":"https:\/\/senzor.ba\/?p=10046"},"modified":"2024-01-15T21:47:24","modified_gmt":"2024-01-15T20:47:24","slug":"u-potocarima-ce-se-ove-godine-ukopati-25-a-u-prijedoru-28-zrtava","status":"publish","type":"post","link":"https:\/\/tvsensor.com\/clanak\/u-potocarima-ce-se-ove-godine-ukopati-25-a-u-prijedoru-28-zrtava\/","title":{"rendered":"U Poto\u010darima \u0107e se ove godine ukopati 25, a u Prijedoru 28 \u017ertava"},"content":{"rendered":"<p>Za kolektivnu d\u017eenazu u Poto\u010darima 11. jula ove godine, za sada, su spremni posmrtni ostaci<strong>\u00a025 \u017ertava<\/strong>, potvrdila je<strong>\u00a0Emza Fazli\u0107,<\/strong>\u00a0glasnogovornica Instituta za nestale BiH.<\/p>\n<p>&#8220;Me\u0111utim, do same d\u017eenaze taj broj bi mogao biti ne\u0161to ve\u0107i s obzirom da se u Podrinje identifikacionom projektu (PIP) nalazi jo\u0161 41 \u017ertva koja je tako\u0111er, identifikovana, me\u0111utim, porodice nisu dale saglasnost za ukop posmrtnih ostataka, uglavnom zbog nekompletnosti skeleta&#8221;, izjavila je Fazli\u0107.<\/p>\n<p>U PIP-u se nalazi, kako je kazala,\u00a0<strong>jo\u0161 105 posmrtnih ostataka<\/strong>\u00a0za koje su stigli rezultati DNK analize ali jo\u0161 uvijek nisu zakazane identifikacije od porodica.<\/p>\n<p>Fazli\u0107 je pojasnila i da \u0107e ove godine na d\u017eenazi u mezarju Memorijalnog centra Srebrenica &#8211; Poto\u010dari biti ukopana i bra\u0107a\u00a0<strong>Fahrudin<\/strong>\u00a0(1970) i\u00a0<strong>Ramo Muji\u0107<\/strong>\u00a0(1968) kao i\u00a0<strong>bra\u0107a Kasim<\/strong>\u00a0(1973) i\u00a0<strong>Asim Isakovi\u0107<\/strong>\u00a0(1975).<\/p>\n<p>Za sada je\u00a0<strong>najstarija \u017ertva koja \u0107e biti ukopana na d\u017eenazi 11. jula \u0160aha Cvrk,<\/strong>ro\u0111ena 1913. godine.<\/p>\n<pre>Istovremeno, za sadu su i\u00a0<strong>za zajedni\u010dku d\u017eenazu 20. jula u Prijedoru,<\/strong>\u00a0spremni posmrtni ostaci<strong>\u00a028 \u017ertava.<\/strong>\u00a0Radi se o\u00a0identifikaciji \u017ertava \u010diji posmrtni ostaci su ekshumirani u septembru 2017. na lokalitetu Kori\u0107anske stijene.<\/pre>\n<p>&#8220;Kada su u pitanju ekshumacije posmrtnih ostataka sa Kori\u0107anskih stijena iz septembra 2017. godine, za sada su analizom ko\u0161tanih uzoraka pristigla<strong>\u00a062 nova identiteta<\/strong>. Ukupno je stiglo 112 identiteta, a ostali se odnose na reasocijacije posmrtnih ostataka. Mogu re\u0107i i da se za sada ne mo\u017ee ta\u010dno re\u0107i koliko \u0107e \u017ertava biti ukopano u Prijedoru, me\u0111utim, na\u010delno je svoj pristanak za ukop dalo 28 porodica. U toku je analiza jo\u0161 nekih posmrtnih ostataka&#8221;, pojasnila je Fazli\u0107.<\/p>\n<p>Proces tra\u017eenja i pronala\u017eenja \u017ertava iz proteklog rata u Bosni i Hercegovini iz godine u godinu je ote\u017ean. Pro\u0161lo je vi\u0161e od dvije decenije kako su osobe ubijene, a jo\u0161 uvijek nisu prona\u0111ene. Veliki problem je i\u00a0<strong>nedostatak ta\u010dnih informacija o pojedina\u010dnim ili masovnim grobnicama<\/strong>\u00a0u kojima se nalaze posmrtni ostaci tih \u017ertava.<\/p>\n<p>Istra\u017eitelji Instituta za nestale osobe BiH intenzivno rade na terenu.<\/p>\n<p>&#8220;Imamo dvije ekshumacije u Bosanskom Brodu i u Lukavcu. Istra\u017eitelji su na terenu i provjeravaju informacije o potencijalnim grobnicama u Konjicu, Podvele\u017eju, Zavidovi\u0107ima. Dakle, intenzivno se radi na pronalasku novih grobnica iako je sve te\u017ee do\u0107i do pravih i ta\u010dnih informacija. Apelujem na sve koji imaju bilo kakvu informaciju o tome gdje bi se mogla na\u0107i potencijalna grobnica da jave, ka\u017eu i progovore jer toliko godina je pro\u0161lo, a\u00a0<strong>mnoge majke, o\u010devi i sestre jo\u0161 uvijek \u010dekaju da prona\u0111u svoje najmilije<\/strong>&#8220;, poru\u010dila je Fazli\u0107.<\/p>\n<p>U mezarju Memorijalnog centra Poto\u010dari do sada je smiraj prona\u0161lo 6.610 \u017ertava genocida, a\u00a0<strong>traga se za jo\u0161 oko 1.000.<\/strong><\/p>\n<p>Posmrtni ostaci \u017ertava genocida prona\u0111eni su na oko 150 razli\u010ditih lokaliteta, od \u010dega je vi\u0161e od 70 masovnih grobnica. Najmla\u0111a do sada ukopana \u017ertva u Poto\u010darima je novoro\u0111en\u010de,\u00a0<strong>djevoj\u010dica Fatima Muhi\u0107<\/strong>, a\u00a0<strong>najstarija nana \u0160aha Izmirli\u0107<\/strong>, ro\u0111ena 1901. godine.<\/p>\n","protected":false},"excerpt":{"rendered":"<p>Za kolektivnu d\u017eenazu u Poto\u010darima 11. jula ove godine, za sada, su spremni posmrtni ostaci\u00a025 \u017ertava, potvrdila je\u00a0Emza Fazli\u0107,\u00a0glasnogovornica Instituta za nestale BiH. &#8220;Me\u0111utim, do same d\u017eenaze taj broj bi mogao biti ne\u0161to ve\u0107i s obzirom da se u Podrinje identifikacionom projektu (PIP) nalazi jo\u0161 41 \u017ertva koja je tako\u0111er, identifikovana, me\u0111utim, porodice nisu dale [&hellip;]<\/p>\n","protected":false},"author":59,"featured_media":10047,"comment_status":"open","ping_status":"closed","sticky":false,"template":"","format":"standard","meta":{"inline_featured_image":false,"footnotes":""},"categories":[38],"tags":[],"class_list":{"0":"post-10046","1":"post","2":"type-post","3":"status-publish","4":"format-standard","5":"has-post-thumbnail","7":"category-vijesti-iz-bih"},"acf":[],"_links":{"self":[{"href":"https:\/\/tvsensor.com\/api\/wp\/v2\/posts\/10046","targetHints":{"allow":["GET"]}}],"collection":[{"href":"https:\/\/tvsensor.com\/api\/wp\/v2\/posts"}],"about":[{"href":"https:\/\/tvsensor.com\/api\/wp\/v2\/types\/post"}],"author":[{"embeddable":true,"href":"https:\/\/tvsensor.com\/api\/wp\/v2\/users\/59"}],"replies":[{"embeddable":true,"href":"https:\/\/tvsensor.com\/api\/wp\/v2\/comments?post=10046"}],"version-history":[{"count":1,"href":"https:\/\/tvsensor.com\/api\/wp\/v2\/posts\/10046\/revisions"}],"predecessor-version":[{"id":10048,"href":"https:\/\/tvsensor.com\/api\/wp\/v2\/posts\/10046\/revisions\/10048"}],"wp:featuredmedia":[{"embeddable":true,"href":"https:\/\/tvsensor.com\/api\/wp\/v2\/media\/10047"}],"wp:attachment":[{"href":"https:\/\/tvsensor.com\/api\/wp\/v2\/media?parent=10046"}],"wp:term":[{"taxonomy":"category","embeddable":true,"href":"https:\/\/tvsensor.com\/api\/wp\/v2\/categories?post=10046"},{"taxonomy":"post_tag","embeddable":true,"href":"https:\/\/tvsensor.com\/api\/wp\/v2\/tags?post=10046"}],"curies":[{"name":"wp","href":"https:\/\/api.w.org\/{rel}","templated":true}]}}