{"id":10043,"date":"2019-05-28T13:55:11","date_gmt":"2019-05-28T13:55:11","guid":{"rendered":"https:\/\/senzor.ba\/?p=10043"},"modified":"2024-01-15T21:47:25","modified_gmt":"2024-01-15T20:47:25","slug":"sda-odgovorila-dodiku-alija-izetbegovic-nije-ratni-zlocinac","status":"publish","type":"post","link":"https:\/\/tvsensor.com\/clanak\/sda-odgovorila-dodiku-alija-izetbegovic-nije-ratni-zlocinac\/","title":{"rendered":"SDA odgovorila Dodiku: Alija Izetbegovi\u0107 nije ratni zlo\u010dinac"},"content":{"rendered":"<p>Milorad Dodik potrudio se da odmah na djelu potvrdi rije\u010di koje je ju\u010der u Skup\u0161tini izrekao predsjednik\u00a0<strong>Srbije Aleksandar Vu\u010di\u0107,<\/strong>\u00a0kada je govore\u0107i o Srbima naveo da je to\u00a0<strong>&#8220;narod koji ne vjeruje i ne voli stvarnost i istinu&#8221;,<\/strong>\u00a0saop\u0107eno je danas iz\u00a0<strong>Stranke demokratske akcije<\/strong>\u00a0(SDA).<\/p>\n<p>Dodik ne samo da ne voli istinu i stvarnost, nego je sklon da izri\u010de o\u010digledne la\u017ei, poput one da je &#8220;SDA stajala iza ratnih zlo\u010dina&#8221;. Bespredmetno je odgovarati na Dodikove la\u017ei o SDA i rahmetli Aliji Izetbegovi\u0107u i njegove izjave u stilu &#8220;\u0161ta bi bilo kad bi bilo&#8221;, poru\u010duju iz SDA.<\/p>\n<p>Ova stranka smatra\u00a0<strong>da Dodikove izjave ne mogu promijeniti historijske \u010dinjenice i presude Ha\u0161kog tribunala\u00a0 kojima su za genocid i ratne zlo\u010dine presu\u0111eni Radovan Karad\u017ei\u0107, Ratko Mladi\u0107, Biljana Plav\u0161i\u0107, Mom\u010dilo Kraji\u0161nik i drugi.<\/strong><\/p>\n<p>Tako\u0111er, nikakvim optu\u017ebama Dodik ne mo\u017ee skrenuti fokus sa \u010dinjenice da je upravo on dodjeljivao odlikovanja tim ratnim zlo\u010dincima i imenovao studentski dom po Radovanu Karad\u017ei\u0107u. To vi\u0161e od svega govori ko stoji iza ratnih zlo\u010dina i ratnih zlo\u010dinaca. Civilizirani svijet to prepoznaje i nikakva relativizacija tu ne poma\u017ee.<\/p>\n<p>SDA je mi\u0161ljenja da Dodiku ne\u0107e pomo\u0107i ni ponavljanje neistina da\u00a0<strong>&#8220;SDA vodi politiku protiv RS-a i srpskog naroda u cjelini&#8221;.<\/strong><\/p>\n<p>Politika SDA je jasna: za\u0161tita interesa Bosne i Hercegovine, dr\u017eave ravnopravnih naroda i gra\u0111ana na svakom pedlju njene teritorije. Jedini koji u ovom trenutku vodi\u00a0<strong>politiku koja nanosi \u0161tetu RS-u i srpskom narodu u cjelini je upravo Milorad Dodik. Vrijeme je da to shvati i osiroma\u0161eni narod u RS-u, stoji u saop\u0107enju.<\/strong><\/p>\n","protected":false},"excerpt":{"rendered":"<p>Milorad Dodik potrudio se da odmah na djelu potvrdi rije\u010di koje je ju\u010der u Skup\u0161tini izrekao predsjednik\u00a0Srbije Aleksandar Vu\u010di\u0107,\u00a0kada je govore\u0107i o Srbima naveo da je to\u00a0&#8220;narod koji ne vjeruje i ne voli stvarnost i istinu&#8221;,\u00a0saop\u0107eno je danas iz\u00a0Stranke demokratske akcije\u00a0(SDA). Dodik ne samo da ne voli istinu i stvarnost, nego je sklon da izri\u010de [&hellip;]<\/p>\n","protected":false},"author":59,"featured_media":10044,"comment_status":"open","ping_status":"closed","sticky":false,"template":"","format":"standard","meta":{"inline_featured_image":false,"footnotes":""},"categories":[38],"tags":[],"class_list":{"0":"post-10043","1":"post","2":"type-post","3":"status-publish","4":"format-standard","5":"has-post-thumbnail","7":"category-vijesti-iz-bih"},"acf":[],"_links":{"self":[{"href":"https:\/\/tvsensor.com\/api\/wp\/v2\/posts\/10043","targetHints":{"allow":["GET"]}}],"collection":[{"href":"https:\/\/tvsensor.com\/api\/wp\/v2\/posts"}],"about":[{"href":"https:\/\/tvsensor.com\/api\/wp\/v2\/types\/post"}],"author":[{"embeddable":true,"href":"https:\/\/tvsensor.com\/api\/wp\/v2\/users\/59"}],"replies":[{"embeddable":true,"href":"https:\/\/tvsensor.com\/api\/wp\/v2\/comments?post=10043"}],"version-history":[{"count":1,"href":"https:\/\/tvsensor.com\/api\/wp\/v2\/posts\/10043\/revisions"}],"predecessor-version":[{"id":10045,"href":"https:\/\/tvsensor.com\/api\/wp\/v2\/posts\/10043\/revisions\/10045"}],"wp:featuredmedia":[{"embeddable":true,"href":"https:\/\/tvsensor.com\/api\/wp\/v2\/media\/10044"}],"wp:attachment":[{"href":"https:\/\/tvsensor.com\/api\/wp\/v2\/media?parent=10043"}],"wp:term":[{"taxonomy":"category","embeddable":true,"href":"https:\/\/tvsensor.com\/api\/wp\/v2\/categories?post=10043"},{"taxonomy":"post_tag","embeddable":true,"href":"https:\/\/tvsensor.com\/api\/wp\/v2\/tags?post=10043"}],"curies":[{"name":"wp","href":"https:\/\/api.w.org\/{rel}","templated":true}]}}