{"id":10020,"date":"2019-05-28T11:11:57","date_gmt":"2019-05-28T11:11:57","guid":{"rendered":"https:\/\/senzor.ba\/?p=10020"},"modified":"2024-01-15T21:47:26","modified_gmt":"2024-01-15T20:47:26","slug":"bjelasnica-treskavica-visocica-i-kanjon-rakitnice-kao-zasticena-podrucja","status":"publish","type":"post","link":"https:\/\/tvsensor.com\/clanak\/bjelasnica-treskavica-visocica-i-kanjon-rakitnice-kao-zasticena-podrucja\/","title":{"rendered":"Bjela\u0161nica, Treskavica, Viso\u010dica i Kanjon Rakitnice kao za\u0161ti\u0107ena podru\u010dja"},"content":{"rendered":"<p>Federalno ministarstvo okoli\u0161a i turizma je uz podr\u0161ku Programa Ujedinjenih nacija za okoli\u0161 (UNEP) organiziralo niz sastanaka sa op\u0107inama Konjic, Trnovo i Had\u017ei\u0107i u cilju usagla\u0161avanja aktivnosti sa ovim lokalnim zajednicama na uspostavljanju za\u0161ti\u0107enog podru\u010dja Bjela\u0161nica \u2013 Treskavica \u2013 Viso\u010dica \u2013 Kanjon Rakitnice.<\/p>\n<p>Konsultacije su se odr\u017eale u toku mjeseca maja teku\u0107e godine, a rezultirale dogovorom o kona\u010dnom obuhvatu budu\u0107eg za\u0161ti\u0107enog podru\u010dja Bjela\u0161nica \u2013 Viso\u010dica \u2013 Treskavica \u2013 Kanjon Rakitnice, koje bi nakon provo\u0111enja zakonske procedure progla\u0161enja za\u0161tite obuhvatalo oko 24,000 ha na teritorijama ovih op\u0107ina, oko 10.000 ha na podru\u010dju op\u0107ine Konjic, oko 9.200 ha na podru\u010dju op\u0107ine Trnovo i oko 4.600 ha na podru\u010dju op\u0107ine Had\u017ei\u0107i.<\/p>\n<p>Preliminarno je utvr\u0111eno i da bi ovom prostoru bila dodijeljena tre\u0107a kategorija za\u0161tite \u2013 park prirode.<\/p>\n<p>Prema Zakonu o za\u0161titi prirode FBiH (\u201eSl. novine FBiH\u201c, broj: 66\/13) park prirode je prostrano prirodno ili dijelom kultivirano podru\u010dje kopna i\/ili mora i s nagla\u0161enim pejza\u017enim, odgojno-obrazovnim, kulturno-istorijskim i turisti\u010dko-rekreacijskim vrijednostima.<\/p>\n<p>U parku prirode dopu\u0161tene su privredne i druge djelatnosti i radnje kojima se ne ugro\u017eavaju njegove bitne odlike i uloga.<\/p>\n","protected":false},"excerpt":{"rendered":"<p>Federalno ministarstvo okoli\u0161a i turizma je uz podr\u0161ku Programa Ujedinjenih nacija za okoli\u0161 (UNEP) organiziralo niz sastanaka sa op\u0107inama Konjic, Trnovo i Had\u017ei\u0107i u cilju usagla\u0161avanja aktivnosti sa ovim lokalnim zajednicama na uspostavljanju za\u0161ti\u0107enog podru\u010dja Bjela\u0161nica \u2013 Treskavica \u2013 Viso\u010dica \u2013 Kanjon Rakitnice. Konsultacije su se odr\u017eale u toku mjeseca maja teku\u0107e godine, a rezultirale [&hellip;]<\/p>\n","protected":false},"author":59,"featured_media":10021,"comment_status":"open","ping_status":"closed","sticky":false,"template":"","format":"standard","meta":{"inline_featured_image":false,"footnotes":""},"categories":[68],"tags":[],"class_list":{"0":"post-10020","1":"post","2":"type-post","3":"status-publish","4":"format-standard","5":"has-post-thumbnail","7":"category-ljepote-bih"},"acf":[],"_links":{"self":[{"href":"https:\/\/tvsensor.com\/api\/wp\/v2\/posts\/10020","targetHints":{"allow":["GET"]}}],"collection":[{"href":"https:\/\/tvsensor.com\/api\/wp\/v2\/posts"}],"about":[{"href":"https:\/\/tvsensor.com\/api\/wp\/v2\/types\/post"}],"author":[{"embeddable":true,"href":"https:\/\/tvsensor.com\/api\/wp\/v2\/users\/59"}],"replies":[{"embeddable":true,"href":"https:\/\/tvsensor.com\/api\/wp\/v2\/comments?post=10020"}],"version-history":[{"count":1,"href":"https:\/\/tvsensor.com\/api\/wp\/v2\/posts\/10020\/revisions"}],"predecessor-version":[{"id":10022,"href":"https:\/\/tvsensor.com\/api\/wp\/v2\/posts\/10020\/revisions\/10022"}],"wp:featuredmedia":[{"embeddable":true,"href":"https:\/\/tvsensor.com\/api\/wp\/v2\/media\/10021"}],"wp:attachment":[{"href":"https:\/\/tvsensor.com\/api\/wp\/v2\/media?parent=10020"}],"wp:term":[{"taxonomy":"category","embeddable":true,"href":"https:\/\/tvsensor.com\/api\/wp\/v2\/categories?post=10020"},{"taxonomy":"post_tag","embeddable":true,"href":"https:\/\/tvsensor.com\/api\/wp\/v2\/tags?post=10020"}],"curies":[{"name":"wp","href":"https:\/\/api.w.org\/{rel}","templated":true}]}}