{"id":10010,"date":"2019-05-28T11:02:33","date_gmt":"2019-05-28T11:02:33","guid":{"rendered":"https:\/\/senzor.ba\/?p=10010"},"modified":"2024-01-15T21:47:26","modified_gmt":"2024-01-15T20:47:26","slug":"dodik-o-dogadajima-na-kosovu-ovo-je-ozbiljan-udarac-krhkom-miru","status":"publish","type":"post","link":"https:\/\/tvsensor.com\/clanak\/dodik-o-dogadajima-na-kosovu-ovo-je-ozbiljan-udarac-krhkom-miru\/","title":{"rendered":"Dodik o doga\u0111ajima na Kosovu: Ovo je ozbiljan udarac krhkom miru"},"content":{"rendered":"<p class=\"story-lead\">Predsjedavaju\u0107i Predsjedni\u0161tva Bosne i Hercegovine Milorad Dodik izjavio je da je operacija specijalnih snaga ROSU ozbiljan udarac na krhki mir na Kosovu i da ne mo\u017ee biti tolerisana ni od ne\u010dega \u0161to se zove me\u0111unarodna zajednica.<\/p>\n<p>Dodik je istakao da dr\u017eava Srbija &#8221;ima pravo da \u0161titi svoj narod&#8221;, koji je, kako je naveo, ostao neza\u0161ti\u0107en \u010dak i od me\u0111unarodnih snaga koje bi trebalo da i njima, kao i Albancima na Kosovu garantuju bezbjednost.<\/p>\n<p>&#8220;<strong>Obrazlo\u017eenja da je jutro\u0161nji upad na sjever Kosova i Metohije u funkciji borbe protiv kriminala su nesuvisla, jer da bi se pojedinci priveli pravdi ne morate da di\u017eete specijalne jedinice sa dugim cijevima koje uznemire sve stanovni\u0161tvo na Kosovu i Metohiji&#8221;<\/strong>, istakao je Dodik.<\/p>\n<p>Prema njegovim rije\u010dima, posebno je \u010dudno obrazlo\u017eenje da su na taj na\u010din hap\u0161eni pripadnici policije.<\/p>\n<p><strong>&#8220;Oni su mogli biti uhap\u0161eni mirno na svojim radnim mjestima, ako je bilo osnova za njihovo hap\u0161enje. Zato je potpuno jasno da ovdje nije rije\u010d o borbi protiv kriminala. Ovo je borba protiv ostanka Srba na Kosovu i Metohiji i poku\u0161aj da se isprovocira njihov novi egzodus&#8221;,<\/strong>\u00a0naglasio je Dodik.<\/p>\n","protected":false},"excerpt":{"rendered":"<p>Predsjedavaju\u0107i Predsjedni\u0161tva Bosne i Hercegovine Milorad Dodik izjavio je da je operacija specijalnih snaga ROSU ozbiljan udarac na krhki mir na Kosovu i da ne mo\u017ee biti tolerisana ni od ne\u010dega \u0161to se zove me\u0111unarodna zajednica. Dodik je istakao da dr\u017eava Srbija &#8221;ima pravo da \u0161titi svoj narod&#8221;, koji je, kako je naveo, ostao neza\u0161ti\u0107en [&hellip;]<\/p>\n","protected":false},"author":59,"featured_media":10011,"comment_status":"open","ping_status":"closed","sticky":false,"template":"","format":"standard","meta":{"inline_featured_image":false,"footnotes":""},"categories":[40],"tags":[],"class_list":{"0":"post-10010","1":"post","2":"type-post","3":"status-publish","4":"format-standard","5":"has-post-thumbnail","7":"category-region"},"acf":[],"_links":{"self":[{"href":"https:\/\/tvsensor.com\/api\/wp\/v2\/posts\/10010","targetHints":{"allow":["GET"]}}],"collection":[{"href":"https:\/\/tvsensor.com\/api\/wp\/v2\/posts"}],"about":[{"href":"https:\/\/tvsensor.com\/api\/wp\/v2\/types\/post"}],"author":[{"embeddable":true,"href":"https:\/\/tvsensor.com\/api\/wp\/v2\/users\/59"}],"replies":[{"embeddable":true,"href":"https:\/\/tvsensor.com\/api\/wp\/v2\/comments?post=10010"}],"version-history":[{"count":1,"href":"https:\/\/tvsensor.com\/api\/wp\/v2\/posts\/10010\/revisions"}],"predecessor-version":[{"id":10013,"href":"https:\/\/tvsensor.com\/api\/wp\/v2\/posts\/10010\/revisions\/10013"}],"wp:featuredmedia":[{"embeddable":true,"href":"https:\/\/tvsensor.com\/api\/wp\/v2\/media\/10011"}],"wp:attachment":[{"href":"https:\/\/tvsensor.com\/api\/wp\/v2\/media?parent=10010"}],"wp:term":[{"taxonomy":"category","embeddable":true,"href":"https:\/\/tvsensor.com\/api\/wp\/v2\/categories?post=10010"},{"taxonomy":"post_tag","embeddable":true,"href":"https:\/\/tvsensor.com\/api\/wp\/v2\/tags?post=10010"}],"curies":[{"name":"wp","href":"https:\/\/api.w.org\/{rel}","templated":true}]}}