{"id":10007,"date":"2019-05-28T11:01:17","date_gmt":"2019-05-28T11:01:17","guid":{"rendered":"https:\/\/senzor.ba\/?p=10007"},"modified":"2024-01-15T21:47:26","modified_gmt":"2024-01-15T20:47:26","slug":"kfor-akcija-policije-na-kosovu-nije-protiv-srba","status":"publish","type":"post","link":"https:\/\/tvsensor.com\/clanak\/kfor-akcija-policije-na-kosovu-nije-protiv-srba\/","title":{"rendered":"KFOR: Akcija policije na Kosovu nije protiv Srba"},"content":{"rendered":"<p>Me\u0111unarodne mirovne snage pod vodstvom\u00a0NATO-a KFOR\u00a0potvrdile su da je u toku operacija kosovske policije koja se po nalogu Tu\u017eila\u0161tva u Pri\u0161tini odvija na cijelom Kosovu.<\/p>\n<p>KFOR, kao i kosovske vlasti, tvrdi da se akcija na Kosovu\u00a0izvodi u okviru borbe protiv kriminala.<\/p>\n<p>&#8220;Operacija Kosovske policije odvija se po nalogu Tu\u017eila\u0161tva na cijelom Kosovu, ne samo na sjeveru, i nije uperena protiv Srba, ve\u0107 protiv osoba optu\u017eenih za korupciju i kriminal&#8221;, rekao je za Tanjug glasnogovornik komande KFOR-a Vincenzo Grasso.<\/p>\n<p>&#8220;Mi za sada pratimo situaciju, u kontaktu smo sa vlastima u Pri\u0161tini, ali otvorene su nam i komunikacije sa Srbijom&#8221;, ka\u017ee Grasso.<\/p>\n<p>Prema njegovim rije\u010dima, u pitanju je policijska akcija kakve su se de\u0161avale i u pro\u0161losti, tako da KFOR &#8220;samo prati situaciju&#8221;.<\/p>\n<p>On je komentarisao i stav sprskih zvani\u010dnika da KFO\u00a0treba da u\u010dini ne\u0161to po pitanju akcije kosovskih specijalaca.<\/p>\n<p>&#8220;O tome je i ranije diskutovano, mi se ne mije\u0161amo u akcije policije, dok nam ne zatra\u017ee da interveni\u0161emo&#8221;, rekao je Grasso.<\/p>\n<h4>Hap\u0161enja na Kosovu<\/h4>\n<p>U akciji Policija Kosova (PK) i Policijskog inspektorata Kosova (PIK) po nalogu Osnovnog suda u Pri\u0161tini za pritvaranje nekoliko policijskih slu\u017ebenika i gra\u0111ana osumnji\u010denih da su kriminalna grupa ranjen je jedan pripadnik i uhap\u0161eno pet osoba, javljaju pri\u0161tinski mediji, dok Tanjug javlja da je uhap\u0161eno 13 pripadnika Policije Kosova srpske nacionalnosti.<\/p>\n<p>Me\u0111u uhap\u0161enima ima i albanskih pripadnika Policije Kosova, prenosi Beta.<\/p>\n<p>Radiotelevizija Srbije javila je ranije\u00a0da je zbog upada specijalnih jedinica ROSU na sjever, predsjednik Srbije Aleksandar Vu\u010di\u0107 naredio stavljanje svih jedinica Vojske Srbije u stanje pune borbene gotovosti.<\/p>\n","protected":false},"excerpt":{"rendered":"<p>Me\u0111unarodne mirovne snage pod vodstvom\u00a0NATO-a KFOR\u00a0potvrdile su da je u toku operacija kosovske policije koja se po nalogu Tu\u017eila\u0161tva u Pri\u0161tini odvija na cijelom Kosovu. KFOR, kao i kosovske vlasti, tvrdi da se akcija na Kosovu\u00a0izvodi u okviru borbe protiv kriminala. &#8220;Operacija Kosovske policije odvija se po nalogu Tu\u017eila\u0161tva na cijelom Kosovu, ne samo na [&hellip;]<\/p>\n","protected":false},"author":59,"featured_media":10008,"comment_status":"open","ping_status":"closed","sticky":false,"template":"","format":"standard","meta":{"inline_featured_image":false,"footnotes":""},"categories":[40],"tags":[],"class_list":{"0":"post-10007","1":"post","2":"type-post","3":"status-publish","4":"format-standard","5":"has-post-thumbnail","7":"category-region"},"acf":[],"_links":{"self":[{"href":"https:\/\/tvsensor.com\/api\/wp\/v2\/posts\/10007","targetHints":{"allow":["GET"]}}],"collection":[{"href":"https:\/\/tvsensor.com\/api\/wp\/v2\/posts"}],"about":[{"href":"https:\/\/tvsensor.com\/api\/wp\/v2\/types\/post"}],"author":[{"embeddable":true,"href":"https:\/\/tvsensor.com\/api\/wp\/v2\/users\/59"}],"replies":[{"embeddable":true,"href":"https:\/\/tvsensor.com\/api\/wp\/v2\/comments?post=10007"}],"version-history":[{"count":1,"href":"https:\/\/tvsensor.com\/api\/wp\/v2\/posts\/10007\/revisions"}],"predecessor-version":[{"id":10009,"href":"https:\/\/tvsensor.com\/api\/wp\/v2\/posts\/10007\/revisions\/10009"}],"wp:featuredmedia":[{"embeddable":true,"href":"https:\/\/tvsensor.com\/api\/wp\/v2\/media\/10008"}],"wp:attachment":[{"href":"https:\/\/tvsensor.com\/api\/wp\/v2\/media?parent=10007"}],"wp:term":[{"taxonomy":"category","embeddable":true,"href":"https:\/\/tvsensor.com\/api\/wp\/v2\/categories?post=10007"},{"taxonomy":"post_tag","embeddable":true,"href":"https:\/\/tvsensor.com\/api\/wp\/v2\/tags?post=10007"}],"curies":[{"name":"wp","href":"https:\/\/api.w.org\/{rel}","templated":true}]}}