{"id":10003,"date":"2019-05-28T02:56:59","date_gmt":"2019-05-28T02:56:59","guid":{"rendered":"https:\/\/senzor.ba\/?p=10003"},"modified":"2024-01-15T21:47:26","modified_gmt":"2024-01-15T20:47:26","slug":"u-dijaspori-postoji-veliki-broj-strucnjaka-koji-su-spremni-pomoci-ali-netko-mora-napraviti-prvi-korak","status":"publish","type":"post","link":"https:\/\/tvsensor.com\/clanak\/u-dijaspori-postoji-veliki-broj-strucnjaka-koji-su-spremni-pomoci-ali-netko-mora-napraviti-prvi-korak\/","title":{"rendered":"&#8216;U dijaspori postoji veliki broj stru\u010dnjaka koji su spremni pomo\u0107i, ali netko mora napraviti prvi korak&#8217;"},"content":{"rendered":"<p>Dr. med. vet. Aida \u0160ari\u0107 sa adresom boravka u Austriji, tokom aprila 2019. godine bila je anga\u017eirana na Farmaceutskom fakultetu Univerziteta u Sarajevu, kao jedna od u\u010desnica programa prenosa znanja iz iseljeni\u0161tva u javne institucije u Bosni i Hercegovini, a koji se realizuje u okviru projekta &#8220;Dijaspora za razvoj&#8221; (&#8220;D4D&#8221;) \u2013 projekat Ministarstva za ljudska prava i izbjeglice Bosne i Hercegovine i Vlade \u0160vicerske, u partnerstvu sa Razvojnim programom Ujedinjenih nacija (UNDP) i Me\u0111unarodnom organizacijom za migracije (IOM), pi\u0161e\u00a0<a href=\"https:\/\/dijaspora.mhrr.gov.ba\/iskazan-veliki-interes-od-strane-strucnjaka-za-teme-iz-oblasti-biomedicinskih-istrazivanja\/\" target=\"_blank\" rel=\"noopener\"><strong>dijaspora.mhrr.gov.ba.<\/strong><\/a><\/p>\n<p>\u0160ari\u0107 je Veterinarski fakultet zavr\u0161ila u Sarajevu 2004. godine, nakon \u010dega iz privatnih razloga odlazi iz BiH. Trenutno \u017eivi u Austriji, gdje radi kao jedna od pet veterinara na Odjeljenju za biomedicinska istra\u017eivanja Medicinskog univerziteta u Grazu. Osim posla veterinara, zadu\u017eena je za savjetovanje i evaluaciju projekata vezanih za pokuse na \u017eivotinjama, edukaciju i osposobljavanje osoblja za rad na laboratorijskim \u017eivotinjama, kao i na razvijanju alternativnih metoda u svrhu obuke.<\/p>\n<p>Na Farmaceutskom fakultetu u Sarajevu \u0160ari\u0107 je studentima i akademskim radnicima odr\u017eala predavanja na teme: &#8220;Prezentacija BMF i njegova uloga na Medicinskom Univerzitetu u Grazu&#8221; i &#8220;Metode aplikacija medikamenata i va\u0111enja krvi kod laboratorijskih \u017eivotinja&#8221;. Tako\u0111e je u Rektoratu univerziteta u Sarajevu odr\u017eala predavanje na temu regulative i dobre prakse postupanja s eksperimentalnim \u017eivotinjama u skladu sa EU Direktivom 2010\/63.<\/p>\n<p>U razgovoru sa \u0160ari\u0107 prilikom njene posjete Ministarstvu za ljudska prava i izbijeglice Bosne i Hercegovine saznali smo da je izuzetno zadovoljna \u0161to je dobila priliku u\u010destvovati u prenosu znanja iz dijaspore u BiH kao i da je predstavljanje Odjeljenja za biomedicinsko istra\u017eivanje u Grazu izazvalo interesovanje i pokazalo da u BiH itekako postoji zainteresiranost za teme iz oblasti biomedicinskih istra\u017eivanja. U konkretnom slu\u010daju uspostavljeni su kontakti i saradnja koja je otvorila mogu\u0107nost direktnog povezivanja Farmaceutskog fakulteta i Odjeljenja za biomedicinska istra\u017eivanja u Grazu.<\/p>\n<p>Na\u0161a sagovornica smatra da razmjena znanja kroz predavanja, radionice i sam networking, sigurno mo\u017ee pobolj\u0161ati djelatnost iz ove oblasti na podru\u010dju BiH. Isti\u010de da ve\u0107ina kolega u BiH radi u skladu sa EU ili svjetskim standardima te shodno tome bilo bi dobro iskoristiti iskustva kolega iz inostranstva i primjeniti njihovo znanje, te na taj na\u010din omogu\u0107iti lak\u0161e dono\u0161enje odgovaraju\u010dih zakona i njihove implementacije u praksi.<\/p>\n<p>\u0160ari\u0107 je mi\u0161ljenja da postoji ogroman broj stru\u010dnjaka u BiH dijaspori koji su spremni pomo\u0107i, ali netko mora napraviti prvi korak, a taj korak po njenom mi\u0161ljenju trebaju napraviti institucije, a ne pojedinci. Shodno tome smatra nu\u017enim da institucije u BiH uspostave bazu podataka koja bi obuhvatala BH stru\u010dnjake iz razli\u010ditih nau\u010dnih disciplina, a koji \u017eive i rade van granica BiH te prikupljene podatke (bazu) dostave fakultetima i nau\u010dno istra\u017eiva\u010dkim ustanovama, kako bi one sa svoje strane inicirale kontakte.<\/p>\n<p>Isti\u010de da ukoliko se uspostavi saradnja sa pojedinim stru\u010dnjacima iz razli\u010ditih oblasti istra\u017eivanja, da bi ti stru\u010dnjaci mogli prenijeti svoje znanje ste\u010deno u inostranstvu, na isti ili sli\u010dan na\u010din na koji je i ona putem ovog projekta Ministarstva za ljudska prava i izbjeglice BiH poku\u0161ala da prenese studentima i akademskom osoblju Farmaceutskog fakulteta Univerziteta u Sarajevu.<\/p>\n<p>MojaBiH<\/p>\n","protected":false},"excerpt":{"rendered":"<p>Dr. med. vet. Aida \u0160ari\u0107 sa adresom boravka u Austriji, tokom aprila 2019. godine bila je anga\u017eirana na Farmaceutskom fakultetu Univerziteta u Sarajevu, kao jedna od u\u010desnica programa prenosa znanja iz iseljeni\u0161tva u javne institucije u Bosni i Hercegovini, a koji se realizuje u okviru projekta &#8220;Dijaspora za razvoj&#8221; (&#8220;D4D&#8221;) \u2013 projekat Ministarstva za ljudska [&hellip;]<\/p>\n","protected":false},"author":59,"featured_media":10004,"comment_status":"open","ping_status":"closed","sticky":false,"template":"","format":"standard","meta":{"inline_featured_image":false,"footnotes":""},"categories":[39],"tags":[],"class_list":{"0":"post-10003","1":"post","2":"type-post","3":"status-publish","4":"format-standard","5":"has-post-thumbnail","7":"category-dijaspora"},"acf":[],"_links":{"self":[{"href":"https:\/\/tvsensor.com\/api\/wp\/v2\/posts\/10003","targetHints":{"allow":["GET"]}}],"collection":[{"href":"https:\/\/tvsensor.com\/api\/wp\/v2\/posts"}],"about":[{"href":"https:\/\/tvsensor.com\/api\/wp\/v2\/types\/post"}],"author":[{"embeddable":true,"href":"https:\/\/tvsensor.com\/api\/wp\/v2\/users\/59"}],"replies":[{"embeddable":true,"href":"https:\/\/tvsensor.com\/api\/wp\/v2\/comments?post=10003"}],"version-history":[{"count":2,"href":"https:\/\/tvsensor.com\/api\/wp\/v2\/posts\/10003\/revisions"}],"predecessor-version":[{"id":35625,"href":"https:\/\/tvsensor.com\/api\/wp\/v2\/posts\/10003\/revisions\/35625"}],"wp:featuredmedia":[{"embeddable":true,"href":"https:\/\/tvsensor.com\/api\/wp\/v2\/media\/10004"}],"wp:attachment":[{"href":"https:\/\/tvsensor.com\/api\/wp\/v2\/media?parent=10003"}],"wp:term":[{"taxonomy":"category","embeddable":true,"href":"https:\/\/tvsensor.com\/api\/wp\/v2\/categories?post=10003"},{"taxonomy":"post_tag","embeddable":true,"href":"https:\/\/tvsensor.com\/api\/wp\/v2\/tags?post=10003"}],"curies":[{"name":"wp","href":"https:\/\/api.w.org\/{rel}","templated":true}]}}